{"id":26103,"date":"2025-09-11T09:18:04","date_gmt":"2025-09-11T12:18:04","guid":{"rendered":"https:\/\/radiobitacora.com.ar\/web\/?p=26103"},"modified":"2025-09-11T09:20:40","modified_gmt":"2025-09-11T12:20:40","slug":"26103","status":"publish","type":"post","link":"https:\/\/radiobitacora.com.ar\/web\/2025\/09\/11\/26103\/","title":{"rendered":""},"content":{"rendered":"<p style=\"font-weight: 400;\">MITA Y MITA<\/p>\n<p style=\"font-weight: 400;\">INAUGURACI\u00d3N NUEVA CUADRA DEL PROGRAMA \u201cMITA Y MITA\u201d<\/p>\n<p style=\"font-weight: 400;\">EL INTENDENTE INVITA A LA HABILITACI\u00d3N DE LA CALLE BELLA VISTA EN EL BARRIO YAPEY\u00da<\/p>\n<p style=\"font-weight: 400;\">El intendente Mariano Hormaechea, desde sus redes oficiales invita a los vecinos a participar de la inauguraci\u00f3n de una nueva cuadra realizada por medio del exitoso programa \u201cMita y Mita\u201d.<\/p>\n<p style=\"font-weight: 400;\">La inauguraci\u00f3n est\u00e1 programada para el jueves 11 a las 20 horas en calle Bella Vista del Barrio Yapey\u00fa.<\/p>\n<p style=\"font-weight: 400;\">En sus redes el Intendente expresa: \u201c\u00a1Queridos vecinos! Los invitamos el d\u00eda jueves 11 de septiembre a una nueva inauguraci\u00f3n del Programa \u201cMita y Mita\u201d, Calle Bella Vista entre Avenida Leandro N Alem y Yapey\u00fa. Barrio Yapey\u00fa. Horario: 20 horas. \u00a1los esperamos!\u201d<\/p>\n<p style=\"font-weight: 400;\">Direcci\u00f3n de Prensa-Municipalidad de Goya<\/p>\n","protected":false},"excerpt":{"rendered":"<p>MITA Y MITA INAUGURACI\u00d3N NUEVA CUADRA DEL PROGRAMA \u201cMITA Y MITA\u201d EL INTENDENTE INVITA A LA HABILITACI\u00d3N DE LA CALLE BELLA VISTA EN EL BARRIO YAPEY\u00da El intendente Mariano Hormaechea, desde sus redes oficiales invita a los vecinos a participar de la inauguraci\u00f3n de una nueva cuadra realizada por medio del exitoso programa \u201cMita y [&hellip;]<\/p>\n","protected":false},"author":2,"featured_media":26104,"comment_status":"closed","ping_status":"closed","sticky":false,"template":"","format":"standard","meta":{"footnotes":""},"categories":[56],"tags":[],"class_list":{"0":"post-26103","1":"post","2":"type-post","3":"status-publish","4":"format-standard","5":"has-post-thumbnail","7":"category-locales"},"_links":{"self":[{"href":"https:\/\/radiobitacora.com.ar\/web\/wp-json\/wp\/v2\/posts\/26103","targetHints":{"allow":["GET"]}}],"collection":[{"href":"https:\/\/radiobitacora.com.ar\/web\/wp-json\/wp\/v2\/posts"}],"about":[{"href":"https:\/\/radiobitacora.com.ar\/web\/wp-json\/wp\/v2\/types\/post"}],"author":[{"embeddable":true,"href":"https:\/\/radiobitacora.com.ar\/web\/wp-json\/wp\/v2\/users\/2"}],"replies":[{"embeddable":true,"href":"https:\/\/radiobitacora.com.ar\/web\/wp-json\/wp\/v2\/comments?post=26103"}],"version-history":[{"count":0,"href":"https:\/\/radiobitacora.com.ar\/web\/wp-json\/wp\/v2\/posts\/26103\/revisions"}],"wp:featuredmedia":[{"embeddable":true,"href":"https:\/\/radiobitacora.com.ar\/web\/wp-json\/wp\/v2\/media\/26104"}],"wp:attachment":[{"href":"https:\/\/radiobitacora.com.ar\/web\/wp-json\/wp\/v2\/media?parent=26103"}],"wp:term":[{"taxonomy":"category","embeddable":true,"href":"https:\/\/radiobitacora.com.ar\/web\/wp-json\/wp\/v2\/categories?post=26103"},{"taxonomy":"post_tag","embeddable":true,"href":"https:\/\/radiobitacora.com.ar\/web\/wp-json\/wp\/v2\/tags?post=26103"}],"curies":[{"name":"wp","href":"https:\/\/api.w.org\/{rel}","templated":true}]}}