{"id":26111,"date":"2025-09-11T09:24:02","date_gmt":"2025-09-11T12:24:02","guid":{"rendered":"https:\/\/radiobitacora.com.ar\/web\/?p=26111"},"modified":"2025-09-11T09:31:47","modified_gmt":"2025-09-11T12:31:47","slug":"prodego-inicio-obras-de-120-metros-lineales-de-caneria","status":"publish","type":"post","link":"https:\/\/radiobitacora.com.ar\/web\/2025\/09\/11\/prodego-inicio-obras-de-120-metros-lineales-de-caneria\/","title":{"rendered":"PRODEGO INICI\u00d3 OBRAS DE 120 METROS LINEALES DE CA\u00d1ER\u00cdA"},"content":{"rendered":"<p style=\"font-weight: 400;\">PLUVIAL DE CALLE BRASIL<\/p>\n<p style=\"font-weight: 400;\">La mencionada dependencia comenz\u00f3 con los trabajos de colocaci\u00f3n del pluvial de calle Brasil, entre Maestro Argentino y J.M. Estrada.<\/p>\n<p style=\"font-weight: 400;\">La obra comprende 120 metros lineales de ca\u00f1er\u00eda de polietileno de alta densidad (PEAD), de 60 mm de di\u00e1metro, con las respectivas bocas de tormenta.<\/p>\n<p style=\"font-weight: 400;\">Direcci\u00f3n de Prensa &#8211; Municipalidad de Goya<\/p>\n","protected":false},"excerpt":{"rendered":"<p>PLUVIAL DE CALLE BRASIL La mencionada dependencia comenz\u00f3 con los trabajos de colocaci\u00f3n del pluvial de calle Brasil, entre Maestro Argentino y J.M. Estrada. La obra comprende 120 metros lineales de ca\u00f1er\u00eda de polietileno de alta densidad (PEAD), de 60 mm de di\u00e1metro, con las respectivas bocas de tormenta. Direcci\u00f3n de Prensa &#8211; Municipalidad de [&hellip;]<\/p>\n","protected":false},"author":2,"featured_media":26112,"comment_status":"closed","ping_status":"closed","sticky":false,"template":"","format":"standard","meta":{"footnotes":""},"categories":[56],"tags":[],"class_list":{"0":"post-26111","1":"post","2":"type-post","3":"status-publish","4":"format-standard","5":"has-post-thumbnail","7":"category-locales"},"_links":{"self":[{"href":"https:\/\/radiobitacora.com.ar\/web\/wp-json\/wp\/v2\/posts\/26111","targetHints":{"allow":["GET"]}}],"collection":[{"href":"https:\/\/radiobitacora.com.ar\/web\/wp-json\/wp\/v2\/posts"}],"about":[{"href":"https:\/\/radiobitacora.com.ar\/web\/wp-json\/wp\/v2\/types\/post"}],"author":[{"embeddable":true,"href":"https:\/\/radiobitacora.com.ar\/web\/wp-json\/wp\/v2\/users\/2"}],"replies":[{"embeddable":true,"href":"https:\/\/radiobitacora.com.ar\/web\/wp-json\/wp\/v2\/comments?post=26111"}],"version-history":[{"count":0,"href":"https:\/\/radiobitacora.com.ar\/web\/wp-json\/wp\/v2\/posts\/26111\/revisions"}],"wp:featuredmedia":[{"embeddable":true,"href":"https:\/\/radiobitacora.com.ar\/web\/wp-json\/wp\/v2\/media\/26112"}],"wp:attachment":[{"href":"https:\/\/radiobitacora.com.ar\/web\/wp-json\/wp\/v2\/media?parent=26111"}],"wp:term":[{"taxonomy":"category","embeddable":true,"href":"https:\/\/radiobitacora.com.ar\/web\/wp-json\/wp\/v2\/categories?post=26111"},{"taxonomy":"post_tag","embeddable":true,"href":"https:\/\/radiobitacora.com.ar\/web\/wp-json\/wp\/v2\/tags?post=26111"}],"curies":[{"name":"wp","href":"https:\/\/api.w.org\/{rel}","templated":true}]}}