{"id":26115,"date":"2025-09-11T09:33:11","date_gmt":"2025-09-11T12:33:11","guid":{"rendered":"https:\/\/radiobitacora.com.ar\/web\/?p=26115"},"modified":"2025-09-11T09:35:17","modified_gmt":"2025-09-11T12:35:17","slug":"centro-de-dia-enrique-pichon-riviere","status":"publish","type":"post","link":"https:\/\/radiobitacora.com.ar\/web\/2025\/09\/11\/centro-de-dia-enrique-pichon-riviere\/","title":{"rendered":"CENTRO DE D\u00cdA \u201cENRIQUE PICH\u00d3N RIVIERE\u201d"},"content":{"rendered":"<p style=\"font-weight: 400;\">En la proximidad a cumplir el Centro de D\u00eda \u201cEnrique Pich\u00f3n Riviere\u201d su primer a\u00f1o de conformaci\u00f3n y habilitaci\u00f3n, el subsecretario de Salud Dr. Emilio Mart\u00ednez puso en valor las acciones del mencionado espacio terap\u00e9utico destinado a la salud mental de los vecinos de Goya. De igual modo, en relaci\u00f3n a la decisi\u00f3n del intendente de crear un \u00e1mbito adecuado, el espacio f\u00edsico con los recursos humanos necesarios para la atenci\u00f3n, la incorporaci\u00f3n de profesionales de la salud.<\/p>\n<p style=\"font-weight: 400;\">\u201cEste es un d\u00eda para reflexionar, para tomar conciencia que el suicidio se puede evitar, trabajando juntos todos los actores sociales\u201d, asegur\u00f3 el Dr. Emilio Mart\u00ednez.<\/p>\n<p style=\"font-weight: 400;\">El funcionario, en declaraciones a Radio Ciudad rescat\u00f3 el trabajo en equipo con varias \u00e1reas del municipio en el Centro de D\u00eda, enumer\u00f3 las atenciones brindadas y llam\u00f3 a un trabajo articulado, en equipo, en red con las organizaciones de la sociedad civil, con el prop\u00f3sito de recrear acciones preventivas.<\/p>\n<p style=\"font-weight: 400;\">SOCIEDAD ACTIVA: RECUPERAR LOS V\u00cdNCULOS FAMILIARES<\/p>\n<p style=\"font-weight: 400;\">El Dr. Emilio Mart\u00ednez tambi\u00e9n hizo referencia a la fecha de concientizaci\u00f3n de la prevenci\u00f3n del suicidio, llamando a constituirnos en \u201cuna sociedad activa, a recuperar los v\u00ednculos con la familia, con los amigos, haciendo saber al otro que no est\u00e1 solo\u201d.<\/p>\n<p style=\"font-weight: 400;\">ANIVERSARIO DEL CENTRO DE D\u00cdA<\/p>\n<p style=\"font-weight: 400;\">El subsecretario de Salud rese\u00f1\u00f3: \u201cEl Centro de D\u00eda fue inaugurado el 10 de octubre del a\u00f1o pasado, y est\u00e1 pr\u00f3ximo a cumplir su primer aniversario, algo muy necesario para atender la demanda de la salud mental de la poblaci\u00f3n\u201d.<\/p>\n<p style=\"font-weight: 400;\">\u201cCon Mariano (Hormaechea) siempre hemos venido conversando sobre la necesidad de un centro terap\u00e9utico relacionado a la Salud Mental. Si bien exist\u00eda en la ciudad, en otro contexto social, estaba a cargo un amigo de otro espacio pol\u00edtico (Daniel Delguis), quien ha fallecido. Despu\u00e9s se cerr\u00f3, antes que asuma Ignacio Osella. La preocupaci\u00f3n siempre estuvo en la visi\u00f3n de Mariano desde su asunci\u00f3n, as\u00ed se crea la Direcci\u00f3n de Salud Mental, buscamos el espacio, el lugar, y se concret\u00f3 en el ex dispensario dermatol\u00f3gico en desuso. Hablamos con las damas del Patronato del Enfermo de Lepra y se lleg\u00f3 al acuerdo para abrirlo. Estamos pr\u00f3ximos a cumplir este primer a\u00f1o, en pleno funcionamiento, con m\u00e1s de 70 usuarios diarios, con atenciones de psic\u00f3logos, con la colaboraci\u00f3n del Dr. Ojeda en psiquiatr\u00eda. Ten\u00edamos otra psiquiatra, quien por razones laborales no pudo seguir, la Dra. Mazzaro\u201d, aclar\u00f3.<\/p>\n<p style=\"font-weight: 400;\">\u201cEs un tema complejo de m\u00faltiples aristas, estructural, con estad\u00edsticas que marcan cifras alarmantes de intento o de suicidios, de all\u00ed la ocupaci\u00f3n con los recursos municipales\u201d, sostuvo el funcionario en relaci\u00f3n a esta problem\u00e1tica.<\/p>\n<p style=\"font-weight: 400;\">\u201cAgradecemos a aquellos que han tendido la mano, es un gran desaf\u00edo, por eso duele el uso pol\u00edtico despiadado de las cr\u00edticas. Pero seguimos trabajando, con talleres en escuelas y barrios. Me queda grabado la necesidad de valorar el sentido de la familia; esto se puso en conocimiento en la jornada del pasado viernes, donde los \u201c\u00c1ngeles del Puente\u201d comentaron las acciones de 24-7 que realizan. All\u00ed es donde se ratifica esto de estar, acompa\u00f1ar, escuchar, es imprescindible esta actitud, estar atento a las se\u00f1ales, aquellas que expresan que puede atentar contra su propia vida, para acudir a estos espacios para salvar vida\u201d.<\/p>\n<p style=\"font-weight: 400;\">\u201cEs un trabajo que requiere desarrollar todo en equipo: la municipalidad, la comunidad, los profesionales abocados a esta tarea\u201d, exhort\u00f3.<\/p>\n<p style=\"font-weight: 400;\">FORMACI\u00d3N DE UN EQUIPO DE SALUD MENTAL<\/p>\n<p style=\"font-weight: 400;\">El responsable de APS consider\u00f3: \u201cNosotros, desde el inicio buscamos la formaci\u00f3n de un equipo de salud mental municipal, en el contexto de la Atenci\u00f3n Primaria de la Salud, como punto intermedio con el Hospital, que tenemos en el \u00e1mbito de la salud p\u00fablica de Goya\u201d.<\/p>\n<p style=\"font-weight: 400;\">PROFESIONALES DE LA SALUD<\/p>\n<p style=\"font-weight: 400;\">En el di\u00e1logo radial, detall\u00f3: \u201cNosotros hemos invitado a todos los sectores, a los profesionales de la salud mental a participar del proyecto, esto no tiene color pol\u00edtico, no es una exclusividad de una administraci\u00f3n, es una pol\u00edtica p\u00fablica, pol\u00edtica de estado. Muchas veces las cr\u00edticas virales desde las redes afectan a la poblaci\u00f3n. Aceptamos las cr\u00edticas constructivas para mejorar las acciones a partir de la escucha, no es f\u00e1cil estar, por eso valoro la acci\u00f3n del profesional que se involucra en la salud p\u00fablica. En una ciudad como la nuestra, es complejo, por eso firmamos un acuerdo con el Hospital; se trabaja, hay muchos aspectos para mejorar, nos reunimos con el equipo del centro de d\u00eda para mejorar esta atenci\u00f3n. Entendemos que requerimos fortalecer el v\u00ednculo de la familia, los lazos, nadie merece estar solo, se puede consultar con el profesional, asistir a este centro que est\u00e1 creado para este fin\u201d.<\/p>\n<p style=\"font-weight: 400;\">USO RESPONSABLE Y PRUDENTE DE LAS REDES<\/p>\n<p style=\"font-weight: 400;\">El Dr. Mart\u00ednez aconsej\u00f3: \u201cDebemos ser prudentes en el uso de las redes porque es una manera de profundizar el dolor de quien ha perdido a un ser querido a partir de esa decisi\u00f3n del suicidio. Nuestro trabajo, lamentablemente se eval\u00faa desde la p\u00e9rdida. En este centro de d\u00eda muchas personas encontraron soluciones, alivio, evitando esas situaciones, pero eso no se mensura. Es duro cuando dicen: \u201cno hacen nada\u201d, pero estamos haciendo desde esta gesti\u00f3n municipal, y la gente ratific\u00f3 la confianza. Qued\u00f3 demostrado en la \u00faltima elecci\u00f3n, con una sensibilidad hacia esta tem\u00e1tica de la salud mental, por eso se complejizar\u00e1 la atenci\u00f3n\u201d.<\/p>\n<p style=\"font-weight: 400;\">SALUD INTEGRAL<\/p>\n<p style=\"font-weight: 400;\">M\u00e1s adelante explic\u00f3: \u201cEn nuestras salas trabajamos todos los aspectos: hace poco habilitamos un centro de estimulaci\u00f3n temprana, psicopedagog\u00eda y fonoaudiolog\u00eda en la Sala Cabecera, con las profesionales correspondientes. Es una pol\u00edtica de estado llevada adelante desde esta administraci\u00f3n, desde nuestra Subsecretar\u00eda de Salud, la Secretar\u00eda de Desarrollo Humano. De la misma manera con todo el equipo de las \u00e1reas municipales, Fortalecimiento Familiar, la Direcci\u00f3n de la Mujer con la problem\u00e1tica de salud mental y g\u00e9nero, Direcci\u00f3n de Prevenci\u00f3n junto al DTC, somos un equipo municipal que estamos poniendo muchas garras a esto. Es un problema transversal, que atraviesa a todas las familias sin importar la clase social, y seguiremos trabajando\u201d, enfatiz\u00f3.<\/p>\n<p style=\"font-weight: 400;\">REFLEXI\u00d3N, CONCIENCIACI\u00d3N Y ACOMPA\u00d1AMIENTO<\/p>\n<p style=\"font-weight: 400;\">Al final de la entrevista, en relaci\u00f3n al 10 de septiembre, el subsecretario de Salud Dr. Emilio Mart\u00ednez invit\u00f3: \u201cEste es un d\u00eda para reflexionar, tomar conciencia que el suicidio se puede evitar a trav\u00e9s de la intervenci\u00f3n de todos los actores sociales. Debemos trabajar de manera conjunta, estar atento a las se\u00f1ales y acudir a los centros terap\u00e9uticos informando de la situaci\u00f3n\u201d.<\/p>\n<p style=\"font-weight: 400;\">\u201cDebemos valorar el coraje de Mariano Hormaechea de poner el tema sobre la mesa para discutir. Eso trae elogios y cr\u00edticas; nuestra funci\u00f3n es fundamental, pero hacemos el llamado particular de trabajar especialmente con los afectos, la familia, y tengan la seguridad de contar con este espacio terap\u00e9utico, este Centro de D\u00eda pr\u00f3ximo a cumplir un a\u00f1o de funcionamiento\u201d.<\/p>\n<p style=\"font-weight: 400;\">Direcci\u00f3n de Prensa &#8211; Municipalidad de Goya<\/p>\n","protected":false},"excerpt":{"rendered":"<p>En la proximidad a cumplir el Centro de D\u00eda \u201cEnrique Pich\u00f3n Riviere\u201d su primer a\u00f1o de conformaci\u00f3n y habilitaci\u00f3n, el subsecretario de Salud Dr. Emilio Mart\u00ednez puso en valor las acciones del mencionado espacio terap\u00e9utico destinado a la salud mental de los vecinos de Goya. De igual modo, en relaci\u00f3n a la decisi\u00f3n del intendente [&hellip;]<\/p>\n","protected":false},"author":2,"featured_media":26116,"comment_status":"closed","ping_status":"closed","sticky":false,"template":"","format":"standard","meta":{"footnotes":""},"categories":[56],"tags":[],"class_list":{"0":"post-26115","1":"post","2":"type-post","3":"status-publish","4":"format-standard","5":"has-post-thumbnail","7":"category-locales"},"_links":{"self":[{"href":"https:\/\/radiobitacora.com.ar\/web\/wp-json\/wp\/v2\/posts\/26115","targetHints":{"allow":["GET"]}}],"collection":[{"href":"https:\/\/radiobitacora.com.ar\/web\/wp-json\/wp\/v2\/posts"}],"about":[{"href":"https:\/\/radiobitacora.com.ar\/web\/wp-json\/wp\/v2\/types\/post"}],"author":[{"embeddable":true,"href":"https:\/\/radiobitacora.com.ar\/web\/wp-json\/wp\/v2\/users\/2"}],"replies":[{"embeddable":true,"href":"https:\/\/radiobitacora.com.ar\/web\/wp-json\/wp\/v2\/comments?post=26115"}],"version-history":[{"count":0,"href":"https:\/\/radiobitacora.com.ar\/web\/wp-json\/wp\/v2\/posts\/26115\/revisions"}],"wp:featuredmedia":[{"embeddable":true,"href":"https:\/\/radiobitacora.com.ar\/web\/wp-json\/wp\/v2\/media\/26116"}],"wp:attachment":[{"href":"https:\/\/radiobitacora.com.ar\/web\/wp-json\/wp\/v2\/media?parent=26115"}],"wp:term":[{"taxonomy":"category","embeddable":true,"href":"https:\/\/radiobitacora.com.ar\/web\/wp-json\/wp\/v2\/categories?post=26115"},{"taxonomy":"post_tag","embeddable":true,"href":"https:\/\/radiobitacora.com.ar\/web\/wp-json\/wp\/v2\/tags?post=26115"}],"curies":[{"name":"wp","href":"https:\/\/api.w.org\/{rel}","templated":true}]}}