{"id":26125,"date":"2025-09-11T09:42:48","date_gmt":"2025-09-11T12:42:48","guid":{"rendered":"https:\/\/radiobitacora.com.ar\/web\/?p=26125"},"modified":"2025-09-11T09:44:04","modified_gmt":"2025-09-11T12:44:04","slug":"amistoso-interprovincial-de-voley","status":"publish","type":"post","link":"https:\/\/radiobitacora.com.ar\/web\/2025\/09\/11\/amistoso-interprovincial-de-voley\/","title":{"rendered":"AMISTOSO INTERPROVINCIAL DE VOLEY"},"content":{"rendered":"<p style=\"font-weight: 400;\">La presidente de la Liga Goyana de V\u00f3ley Carol Gonz\u00e1lez, calific\u00f3 de \u201cuna gran oportunidad para nuestro deporte\u201d<\/p>\n<p style=\"font-weight: 400;\">El s\u00e1bado genera la expectativa por la presentaci\u00f3n del equipo de Liga Nacional Villa Dora, por lo cual se\u00f1alo: \u201cInvitamos a presenciar estos partidos en las categor\u00edas U21 y de primera divisi\u00f3n, es un evento de nivel nacional, internacional han sabido ganar al equipo de Boca en la Liga, nuestro representativo est\u00e1 integrada por jugadoras de los clubes que participan en nuestra liga.<\/p>\n<p style=\"font-weight: 400;\">BUSCAR EL MEJOR NIVEL POSIBLE<\/p>\n<p style=\"font-weight: 400;\">\u201cJugaremos al mejor nivel posible, sabemos de la calidad de las visitantes, estamos agradecidos al Centro de Profesores de Educaci\u00f3n F\u00edsica, por permitir esta gran oportunidad de contar con este juego, si bien es amistoso, se podr\u00e1 ver en acci\u00f3n a las deportistas que muchas veces observamos en la transmisi\u00f3n televisiva de la Liga de V\u00f3ley.\u201d Indic\u00f3 la presidente de la Liga Goyana de Voley<\/p>\n<p style=\"font-weight: 400;\">CAMILA USME<\/p>\n<p style=\"font-weight: 400;\">Integrante de la selecci\u00f3n goyana Camila Usme, es oriunda de Colombia, pertenece al club AMAD, en las categor\u00edas U19 y U21 y en la Liga B.<\/p>\n<p style=\"font-weight: 400;\">La jugadora local, cont\u00f3: \u201cActualmente juego en esa liga porque AMAD, no tiene primera, me gustar\u00eda presentarme como Libero, pero en la liga goyana juego en varias posiciones, al igual que en la selecci\u00f3n correntina como armadora, en varias posiciones dentro de la cancha en realidad.\u201d<\/p>\n<p style=\"font-weight: 400;\">CUMPLIR UN SUE\u00d1O<\/p>\n<p style=\"font-weight: 400;\">En sus expresiones, sostuvo: \u201cEs un nivel muy competitivo, el que presenta Villa Dora, soy seguidora de su juego, admiradora de su armadora, es cumplir un sue\u00f1o, pero el s\u00e1bado ser\u00e1 el partido defendiendo a nuestro representativo, daremos lo mejor, el recuerdo ser\u00e1 algo inolvidable, la foto, las im\u00e1genes nos quedar\u00e1 como un gran regalo.<\/p>\n<p style=\"font-weight: 400;\">La jugadora de AMAD, integrante de la selecci\u00f3n goyana Camila Usme cont\u00f3 que es estudiante de profesorado de Ingl\u00e9s.<\/p>\n<p style=\"font-weight: 400;\">Vale recordar que los partidos est\u00e1n fijados para el s\u00e1bado 13 a partir de las 18 y 30 horas, en el Club Uni\u00f3n, con una entrada de 2 Mil Pesos.<\/p>\n<p style=\"font-weight: 400;\">Direcci\u00f3n de Prensa-Municipalidad de Goya<\/p>\n","protected":false},"excerpt":{"rendered":"<p>La presidente de la Liga Goyana de V\u00f3ley Carol Gonz\u00e1lez, calific\u00f3 de \u201cuna gran oportunidad para nuestro deporte\u201d El s\u00e1bado genera la expectativa por la presentaci\u00f3n del equipo de Liga Nacional Villa Dora, por lo cual se\u00f1alo: \u201cInvitamos a presenciar estos partidos en las categor\u00edas U21 y de primera divisi\u00f3n, es un evento de nivel [&hellip;]<\/p>\n","protected":false},"author":2,"featured_media":26126,"comment_status":"closed","ping_status":"closed","sticky":false,"template":"","format":"standard","meta":{"footnotes":""},"categories":[78],"tags":[],"class_list":{"0":"post-26125","1":"post","2":"type-post","3":"status-publish","4":"format-standard","5":"has-post-thumbnail","7":"category-deportes"},"_links":{"self":[{"href":"https:\/\/radiobitacora.com.ar\/web\/wp-json\/wp\/v2\/posts\/26125","targetHints":{"allow":["GET"]}}],"collection":[{"href":"https:\/\/radiobitacora.com.ar\/web\/wp-json\/wp\/v2\/posts"}],"about":[{"href":"https:\/\/radiobitacora.com.ar\/web\/wp-json\/wp\/v2\/types\/post"}],"author":[{"embeddable":true,"href":"https:\/\/radiobitacora.com.ar\/web\/wp-json\/wp\/v2\/users\/2"}],"replies":[{"embeddable":true,"href":"https:\/\/radiobitacora.com.ar\/web\/wp-json\/wp\/v2\/comments?post=26125"}],"version-history":[{"count":0,"href":"https:\/\/radiobitacora.com.ar\/web\/wp-json\/wp\/v2\/posts\/26125\/revisions"}],"wp:featuredmedia":[{"embeddable":true,"href":"https:\/\/radiobitacora.com.ar\/web\/wp-json\/wp\/v2\/media\/26126"}],"wp:attachment":[{"href":"https:\/\/radiobitacora.com.ar\/web\/wp-json\/wp\/v2\/media?parent=26125"}],"wp:term":[{"taxonomy":"category","embeddable":true,"href":"https:\/\/radiobitacora.com.ar\/web\/wp-json\/wp\/v2\/categories?post=26125"},{"taxonomy":"post_tag","embeddable":true,"href":"https:\/\/radiobitacora.com.ar\/web\/wp-json\/wp\/v2\/tags?post=26125"}],"curies":[{"name":"wp","href":"https:\/\/api.w.org\/{rel}","templated":true}]}}