{"id":26129,"date":"2025-09-11T09:46:23","date_gmt":"2025-09-11T12:46:23","guid":{"rendered":"https:\/\/radiobitacora.com.ar\/web\/?p=26129"},"modified":"2025-09-11T09:48:07","modified_gmt":"2025-09-11T12:48:07","slug":"levantamiento-de-pesa","status":"publish","type":"post","link":"https:\/\/radiobitacora.com.ar\/web\/2025\/09\/11\/levantamiento-de-pesa\/","title":{"rendered":"LEVANTAMIENTO DE PESA"},"content":{"rendered":"<p style=\"font-weight: 400;\">Programa \u201cEscuelas Deportivas Municipal\u201d<\/p>\n<p style=\"font-weight: 400;\">El profesor Ariel Mora, instructor de esta disciplina en di\u00e1logo con Radio Ciudad, resalt\u00f3 los logros de los j\u00f3venes que participaron de competencias provinciales, valor\u00f3 el esfuerzo para participar obteniendo la clasificaci\u00f3n para los juegos nacionales, agradeci\u00f3 el total apoyo de la Municipalidad, de la Direcci\u00f3n de Deportes.<\/p>\n<p style=\"font-weight: 400;\">El profesor adem\u00e1s agradeci\u00f3 ser seleccionado para representar a la provincia en la primera edici\u00f3n de los Juegos de Alto Rendimiento Deportivo (JADAR) a realizarse el fin de semana en la provincia de Santa Fe.<\/p>\n<p style=\"font-weight: 400;\">MEDALLAS Y PASAJE A JUEGOS NACIONALES<\/p>\n<p style=\"font-weight: 400;\">El instructor, coment\u00f3: \u201cEl pasado fin de semana participamos por primera vez en un provincial, donde hemos logrado 3 medallas de oro, 2 medallas de plata, 3 clasificados a los Juegos Nacionales (Evita) y un clasificado al Juego Federativo Nacional, todos chicos de nuestra escuela municipal de deportes, por eso estamos muy felices, estaremos viajando a Mar del Plata para competir desde el 29 de septiembre al 4 de octubre de los Juegos Nacionales.<\/p>\n<p style=\"font-weight: 400;\">EVOLUCI\u00d3N DEL DEPORTE CON APOYO MUNICIPAL<\/p>\n<p style=\"font-weight: 400;\">\u201cEs una disciplina exigente, competitiva, nosotros con creatividad, -agreg\u00f3- como base principal de recursos creamos los elementos, con el apoyo de la gesti\u00f3n municipal nos posibilita crear este semillero para la formaci\u00f3n futura de nuestros deportistas en esta disciplina ol\u00edmpica.<\/p>\n<p style=\"font-weight: 400;\">\u201cEl levantamiento de pesas ha evolucionado mucho, en la actualidad, est\u00e1 orientado adem\u00e1s al desarrollo deportivo, esto es para la pr\u00e1ctica de alg\u00fan deporte espec\u00edfico, no solo esta disciplina, sobre ese aspecto estamos trabajando en nuestro gimnasio, a trav\u00e9s del programa municipal.\u201d Explic\u00f3 el profesor Mora<\/p>\n<p style=\"font-weight: 400;\">JADAR 2025<\/p>\n<p style=\"font-weight: 400;\">Consultado sobre la participaci\u00f3n en JADAR 2025, el pesista Ariel Mora, destac\u00f3: \u201cEl orgullo es porque es la competencia deportiva m\u00e1s importante de mi carrera, es una manera de ir cerrando ciclos, realmente nos sobrepasa la calidad y cantidad de talentos en nuestra ciudad, esto nos lleva a poner m\u00e1s profesores all\u00ed es donde me llega la selecci\u00f3n de la Federaci\u00f3n Correntina para ser parte, con un seminario, una prueba, con la marca m\u00ednima, estoy entrenado con Leandro Digini alguien de elite, una eminencia, me ayuda much\u00edsimo, ahora estamos con una enorme expectativa, me mentalizo y me preparo para este evento, siento que no solo represento a la ciudad, a Goya, Corrientes, a Santa Luc\u00eda siento que represento a la instituci\u00f3n educativa donde ejerzo mi rol de docente.\u201d<\/p>\n<p style=\"font-weight: 400;\">UN GRAN EQUIPO DE PROFESORES<\/p>\n<p style=\"font-weight: 400;\">En el final de la entrevista Ariel Mora reconoci\u00f3 la val\u00eda de sus colegas, con quien conforman: \u201cun gran equipo, Pushing es eso un gran equipo de profesores, puedo contar con ellos, es m\u00e1s ellos estar\u00e1n observando estas pruebas es gratificante, es fortalecedor tener a tu gente en una competencia, gracias a todos los que nos acompa\u00f1an.\u201d<\/p>\n<p style=\"font-weight: 400;\">Direcci\u00f3n de Prensa-Municipalidad de Goya<\/p>\n","protected":false},"excerpt":{"rendered":"<p>Programa \u201cEscuelas Deportivas Municipal\u201d El profesor Ariel Mora, instructor de esta disciplina en di\u00e1logo con Radio Ciudad, resalt\u00f3 los logros de los j\u00f3venes que participaron de competencias provinciales, valor\u00f3 el esfuerzo para participar obteniendo la clasificaci\u00f3n para los juegos nacionales, agradeci\u00f3 el total apoyo de la Municipalidad, de la Direcci\u00f3n de Deportes. El profesor adem\u00e1s [&hellip;]<\/p>\n","protected":false},"author":2,"featured_media":26130,"comment_status":"closed","ping_status":"closed","sticky":false,"template":"","format":"standard","meta":{"footnotes":""},"categories":[78],"tags":[],"class_list":{"0":"post-26129","1":"post","2":"type-post","3":"status-publish","4":"format-standard","5":"has-post-thumbnail","7":"category-deportes"},"_links":{"self":[{"href":"https:\/\/radiobitacora.com.ar\/web\/wp-json\/wp\/v2\/posts\/26129","targetHints":{"allow":["GET"]}}],"collection":[{"href":"https:\/\/radiobitacora.com.ar\/web\/wp-json\/wp\/v2\/posts"}],"about":[{"href":"https:\/\/radiobitacora.com.ar\/web\/wp-json\/wp\/v2\/types\/post"}],"author":[{"embeddable":true,"href":"https:\/\/radiobitacora.com.ar\/web\/wp-json\/wp\/v2\/users\/2"}],"replies":[{"embeddable":true,"href":"https:\/\/radiobitacora.com.ar\/web\/wp-json\/wp\/v2\/comments?post=26129"}],"version-history":[{"count":0,"href":"https:\/\/radiobitacora.com.ar\/web\/wp-json\/wp\/v2\/posts\/26129\/revisions"}],"wp:featuredmedia":[{"embeddable":true,"href":"https:\/\/radiobitacora.com.ar\/web\/wp-json\/wp\/v2\/media\/26130"}],"wp:attachment":[{"href":"https:\/\/radiobitacora.com.ar\/web\/wp-json\/wp\/v2\/media?parent=26129"}],"wp:term":[{"taxonomy":"category","embeddable":true,"href":"https:\/\/radiobitacora.com.ar\/web\/wp-json\/wp\/v2\/categories?post=26129"},{"taxonomy":"post_tag","embeddable":true,"href":"https:\/\/radiobitacora.com.ar\/web\/wp-json\/wp\/v2\/tags?post=26129"}],"curies":[{"name":"wp","href":"https:\/\/api.w.org\/{rel}","templated":true}]}}