{"id":26151,"date":"2025-09-12T10:07:39","date_gmt":"2025-09-12T13:07:39","guid":{"rendered":"https:\/\/radiobitacora.com.ar\/web\/?p=26151"},"modified":"2025-09-12T10:07:39","modified_gmt":"2025-09-12T13:07:39","slug":"fundacion-agora-y-universidad-de-la-integracion-sudamericana-unisud","status":"publish","type":"post","link":"https:\/\/radiobitacora.com.ar\/web\/2025\/09\/12\/fundacion-agora-y-universidad-de-la-integracion-sudamericana-unisud\/","title":{"rendered":"FUNDACI\u00d3N \u00c1GORA Y UNIVERSIDAD DE LA INTEGRACI\u00d3N SUDAMERICANA (UNISUD)"},"content":{"rendered":"<p style=\"font-weight: 400;\">NUEVA OFERTA ACAD\u00c9MICA<\/p>\n<p style=\"font-weight: 400;\">Diplomatura Superior en Problem\u00e1tica de la Escuela Secundaria.<\/p>\n<p style=\"font-weight: 400;\">Una formaci\u00f3n de calidad destinada a docentes y profesionales de la educaci\u00f3n<\/p>\n<p style=\"font-weight: 400;\">\n<p style=\"font-weight: 400;\">Se encuentra abierta la pre-inscripci\u00f3n a la Diplomatura Superior en Problem\u00e1tica de la Escuela Secundaria Obligatoria, una propuesta acad\u00e9mica en convenio con la Universidad de la Integraci\u00f3n Sudamericana (UNISUD).<\/p>\n<p style=\"font-weight: 400;\">\n<p style=\"font-weight: 400;\">\u00a0Modalidad virtual<\/p>\n<p style=\"font-weight: 400;\">\u00a0Inicio: 18 de octubre<\/p>\n<p style=\"font-weight: 400;\">\u00a0Destinada a docentes, directivos, preceptores, bibliotecarios y profesionales vinculados al \u00e1mbito educativo.<\/p>\n<p style=\"font-weight: 400;\">\n<p style=\"font-weight: 400;\">Complet\u00e1 el formulario de preinscripci\u00f3n para acceder a toda la informaci\u00f3n y reservar tu lugar.<\/p>\n<p style=\"font-weight: 400;\">\n<p style=\"font-weight: 400;\"><a href=\"https:\/\/forms.gle\/NTwDFNwECvWrirXu8\" data-saferedirecturl=\"https:\/\/www.google.com\/url?q=https:\/\/forms.gle\/NTwDFNwECvWrirXu8&amp;source=gmail&amp;ust=1757765842754000&amp;usg=AOvVaw1nRcVOLpGn52T7Xl5Ofk-c\">https:\/\/forms.gle\/NTwDFNwECvWrirXu8<\/a><\/p>\n<p style=\"font-weight: 400;\">\n<p style=\"font-weight: 400;\">\n<p style=\"font-weight: 400;\">Direcci\u00f3n de Prensa-Municipalidad de Goya<\/p>\n","protected":false},"excerpt":{"rendered":"<p>NUEVA OFERTA ACAD\u00c9MICA Diplomatura Superior en Problem\u00e1tica de la Escuela Secundaria. Una formaci\u00f3n de calidad destinada a docentes y profesionales de la educaci\u00f3n Se encuentra abierta la pre-inscripci\u00f3n a la Diplomatura Superior en Problem\u00e1tica de la Escuela Secundaria Obligatoria, una propuesta acad\u00e9mica en convenio con la Universidad de la Integraci\u00f3n Sudamericana (UNISUD). \u00a0Modalidad virtual \u00a0Inicio: [&hellip;]<\/p>\n","protected":false},"author":2,"featured_media":26152,"comment_status":"closed","ping_status":"closed","sticky":false,"template":"","format":"standard","meta":{"footnotes":""},"categories":[88],"tags":[],"class_list":{"0":"post-26151","1":"post","2":"type-post","3":"status-publish","4":"format-standard","5":"has-post-thumbnail","7":"category-educacion"},"_links":{"self":[{"href":"https:\/\/radiobitacora.com.ar\/web\/wp-json\/wp\/v2\/posts\/26151","targetHints":{"allow":["GET"]}}],"collection":[{"href":"https:\/\/radiobitacora.com.ar\/web\/wp-json\/wp\/v2\/posts"}],"about":[{"href":"https:\/\/radiobitacora.com.ar\/web\/wp-json\/wp\/v2\/types\/post"}],"author":[{"embeddable":true,"href":"https:\/\/radiobitacora.com.ar\/web\/wp-json\/wp\/v2\/users\/2"}],"replies":[{"embeddable":true,"href":"https:\/\/radiobitacora.com.ar\/web\/wp-json\/wp\/v2\/comments?post=26151"}],"version-history":[{"count":0,"href":"https:\/\/radiobitacora.com.ar\/web\/wp-json\/wp\/v2\/posts\/26151\/revisions"}],"wp:featuredmedia":[{"embeddable":true,"href":"https:\/\/radiobitacora.com.ar\/web\/wp-json\/wp\/v2\/media\/26152"}],"wp:attachment":[{"href":"https:\/\/radiobitacora.com.ar\/web\/wp-json\/wp\/v2\/media?parent=26151"}],"wp:term":[{"taxonomy":"category","embeddable":true,"href":"https:\/\/radiobitacora.com.ar\/web\/wp-json\/wp\/v2\/categories?post=26151"},{"taxonomy":"post_tag","embeddable":true,"href":"https:\/\/radiobitacora.com.ar\/web\/wp-json\/wp\/v2\/tags?post=26151"}],"curies":[{"name":"wp","href":"https:\/\/api.w.org\/{rel}","templated":true}]}}