{"id":26154,"date":"2025-09-12T10:09:48","date_gmt":"2025-09-12T13:09:48","guid":{"rendered":"https:\/\/radiobitacora.com.ar\/web\/?p=26154"},"modified":"2025-09-12T10:09:48","modified_gmt":"2025-09-12T13:09:48","slug":"vos-tenes-valor","status":"publish","type":"post","link":"https:\/\/radiobitacora.com.ar\/web\/2025\/09\/12\/vos-tenes-valor\/","title":{"rendered":"VOS TENES VALOR"},"content":{"rendered":"<p style=\"font-weight: 400;\">\n<p style=\"font-weight: 400;\">La Iglesia Universal realizar\u00e1 un evento solidario abierto a todas las personas en situaci\u00f3n de calle, condici\u00f3n precaria o con problemas de adicci\u00f3n y depresi\u00f3n. En este Domingo 14 de septiembre a las 9:30 horas\u00a0 en calle Bartolom\u00e9 Mitre 616.<\/p>\n<p style=\"font-weight: 400;\">La Iglesia Universal hace una gran convocatoria a todos aquellos que se sienten ignorados y excluidos por la sociedad debido a sus problemas o condici\u00f3n de vida. Para mostrarles que nadie es invisible para Dios. Por esa raz\u00f3n el Domingo 14 de septiembre la solidaridad se hace presente en Bartolom\u00e9 Mitre 616 a las 9 y 30 horas, donde se realizar\u00e1 el evento \u00a1VOS TEN\u00c9S VALOR! Dedicado especialmente a las personas en situaci\u00f3n de calle o\u00a0condici\u00f3n precaria. Ser\u00e1 una jornada de ayuda y contenci\u00f3n organizada por todos los grupos de acci\u00f3n social de la Iglesia Universal de Goya, ofreciendo un mensaje de fe y esperanza como objetivo principal adem\u00e1s de un almuerzo, corte de pelo, manicura y un kit de higiene para los presentes. Una ocasi\u00f3n para demostrar que la grandeza no est\u00e1 en recibir sino en dar y que para la solidaridad no hay religi\u00f3n.<\/p>\n<p style=\"font-weight: 400;\"><img loading=\"lazy\" decoding=\"async\" class=\"aligncenter size-full wp-image-26155\" src=\"https:\/\/radiobitacora.com.ar\/web\/wp-content\/uploads\/2025\/09\/IGLESIA-4.jpeg\" alt=\"\" width=\"640\" height=\"360\" \/><\/p>\n<p style=\"font-weight: 400;\">Direcci\u00f3n de Prensa-Municipalidad de Goya<\/p>\n","protected":false},"excerpt":{"rendered":"<p>La Iglesia Universal realizar\u00e1 un evento solidario abierto a todas las personas en situaci\u00f3n de calle, condici\u00f3n precaria o con problemas de adicci\u00f3n y depresi\u00f3n. En este Domingo 14 de septiembre a las 9:30 horas\u00a0 en calle Bartolom\u00e9 Mitre 616. La Iglesia Universal hace una gran convocatoria a todos aquellos que se sienten ignorados y [&hellip;]<\/p>\n","protected":false},"author":2,"featured_media":26156,"comment_status":"closed","ping_status":"closed","sticky":false,"template":"","format":"standard","meta":{"footnotes":""},"categories":[56],"tags":[],"class_list":{"0":"post-26154","1":"post","2":"type-post","3":"status-publish","4":"format-standard","5":"has-post-thumbnail","7":"category-locales"},"_links":{"self":[{"href":"https:\/\/radiobitacora.com.ar\/web\/wp-json\/wp\/v2\/posts\/26154","targetHints":{"allow":["GET"]}}],"collection":[{"href":"https:\/\/radiobitacora.com.ar\/web\/wp-json\/wp\/v2\/posts"}],"about":[{"href":"https:\/\/radiobitacora.com.ar\/web\/wp-json\/wp\/v2\/types\/post"}],"author":[{"embeddable":true,"href":"https:\/\/radiobitacora.com.ar\/web\/wp-json\/wp\/v2\/users\/2"}],"replies":[{"embeddable":true,"href":"https:\/\/radiobitacora.com.ar\/web\/wp-json\/wp\/v2\/comments?post=26154"}],"version-history":[{"count":0,"href":"https:\/\/radiobitacora.com.ar\/web\/wp-json\/wp\/v2\/posts\/26154\/revisions"}],"wp:featuredmedia":[{"embeddable":true,"href":"https:\/\/radiobitacora.com.ar\/web\/wp-json\/wp\/v2\/media\/26156"}],"wp:attachment":[{"href":"https:\/\/radiobitacora.com.ar\/web\/wp-json\/wp\/v2\/media?parent=26154"}],"wp:term":[{"taxonomy":"category","embeddable":true,"href":"https:\/\/radiobitacora.com.ar\/web\/wp-json\/wp\/v2\/categories?post=26154"},{"taxonomy":"post_tag","embeddable":true,"href":"https:\/\/radiobitacora.com.ar\/web\/wp-json\/wp\/v2\/tags?post=26154"}],"curies":[{"name":"wp","href":"https:\/\/api.w.org\/{rel}","templated":true}]}}