{"id":26158,"date":"2025-09-12T10:11:37","date_gmt":"2025-09-12T13:11:37","guid":{"rendered":"https:\/\/radiobitacora.com.ar\/web\/?p=26158"},"modified":"2025-09-12T10:11:37","modified_gmt":"2025-09-12T13:11:37","slug":"reunion-del-intendente-mariano-hormaechea-con-viceintendente-electo-sebastian-mazzaro","status":"publish","type":"post","link":"https:\/\/radiobitacora.com.ar\/web\/2025\/09\/12\/reunion-del-intendente-mariano-hormaechea-con-viceintendente-electo-sebastian-mazzaro\/","title":{"rendered":"REUNI\u00d3N DEL INTENDENTE MARIANO HORMAECHEA CON VICEINTENDENTE ELECTO SEBASTI\u00c1N MAZZARO"},"content":{"rendered":"<p style=\"font-weight: 400;\">En la jornada del mi\u00e9rcoles, el Intendente Mariano Hormaechea, en su despacho mantuvo una reuni\u00f3n con el Concejal Sebasti\u00e1n Mazzaro.<\/p>\n<p style=\"font-weight: 400;\">\n<p style=\"font-weight: 400;\">El encuentro sirvi\u00f3 para analizar las elecciones del pasado 31 de agosto, donde Mazzaro result\u00f3 electo como Viceintendente para los pr\u00f3ximos 4 a\u00f1os, quien acompa\u00f1ar\u00e1 en el nuevo periodo a Mariano Hormaechea.<\/p>\n<p style=\"font-weight: 400;\">\n<p style=\"font-weight: 400;\">La reuni\u00f3n sirvi\u00f3 adem\u00e1s para planificar los objetivos trazados para la pr\u00f3xima administraci\u00f3n municipal, con el compromiso asumido de continuar con la l\u00ednea de trabajo, en equipo, junto a los vecinos, las instituciones, asociaciones y organizaciones de la sociedad civil, considerando las propuestas presentadas a los vecinos de Goya, con el objetivo de proyectar las acciones de gobierno para los pr\u00f3ximos cuatro a\u00f1os de la administraci\u00f3n municipal.<\/p>\n<p style=\"font-weight: 400;\">\n<p style=\"font-weight: 400;\">Direcci\u00f3n de Prensa-Municipalidad de Goya<\/p>\n","protected":false},"excerpt":{"rendered":"<p>En la jornada del mi\u00e9rcoles, el Intendente Mariano Hormaechea, en su despacho mantuvo una reuni\u00f3n con el Concejal Sebasti\u00e1n Mazzaro. El encuentro sirvi\u00f3 para analizar las elecciones del pasado 31 de agosto, donde Mazzaro result\u00f3 electo como Viceintendente para los pr\u00f3ximos 4 a\u00f1os, quien acompa\u00f1ar\u00e1 en el nuevo periodo a Mariano Hormaechea. La reuni\u00f3n sirvi\u00f3 [&hellip;]<\/p>\n","protected":false},"author":2,"featured_media":26159,"comment_status":"closed","ping_status":"closed","sticky":false,"template":"","format":"standard","meta":{"footnotes":""},"categories":[56],"tags":[],"class_list":{"0":"post-26158","1":"post","2":"type-post","3":"status-publish","4":"format-standard","5":"has-post-thumbnail","7":"category-locales"},"_links":{"self":[{"href":"https:\/\/radiobitacora.com.ar\/web\/wp-json\/wp\/v2\/posts\/26158","targetHints":{"allow":["GET"]}}],"collection":[{"href":"https:\/\/radiobitacora.com.ar\/web\/wp-json\/wp\/v2\/posts"}],"about":[{"href":"https:\/\/radiobitacora.com.ar\/web\/wp-json\/wp\/v2\/types\/post"}],"author":[{"embeddable":true,"href":"https:\/\/radiobitacora.com.ar\/web\/wp-json\/wp\/v2\/users\/2"}],"replies":[{"embeddable":true,"href":"https:\/\/radiobitacora.com.ar\/web\/wp-json\/wp\/v2\/comments?post=26158"}],"version-history":[{"count":0,"href":"https:\/\/radiobitacora.com.ar\/web\/wp-json\/wp\/v2\/posts\/26158\/revisions"}],"wp:featuredmedia":[{"embeddable":true,"href":"https:\/\/radiobitacora.com.ar\/web\/wp-json\/wp\/v2\/media\/26159"}],"wp:attachment":[{"href":"https:\/\/radiobitacora.com.ar\/web\/wp-json\/wp\/v2\/media?parent=26158"}],"wp:term":[{"taxonomy":"category","embeddable":true,"href":"https:\/\/radiobitacora.com.ar\/web\/wp-json\/wp\/v2\/categories?post=26158"},{"taxonomy":"post_tag","embeddable":true,"href":"https:\/\/radiobitacora.com.ar\/web\/wp-json\/wp\/v2\/tags?post=26158"}],"curies":[{"name":"wp","href":"https:\/\/api.w.org\/{rel}","templated":true}]}}