{"id":26161,"date":"2025-09-12T10:18:28","date_gmt":"2025-09-12T13:18:28","guid":{"rendered":"https:\/\/radiobitacora.com.ar\/web\/?p=26161"},"modified":"2025-09-12T10:18:28","modified_gmt":"2025-09-12T13:18:28","slug":"el-intendente-mariano-hormaechea-junto-a-vecinos-del-barrio-yapeyu-dejo-habilitada-la-calle-bella-vista","status":"publish","type":"post","link":"https:\/\/radiobitacora.com.ar\/web\/2025\/09\/12\/el-intendente-mariano-hormaechea-junto-a-vecinos-del-barrio-yapeyu-dejo-habilitada-la-calle-bella-vista\/","title":{"rendered":"EL INTENDENTE MARIANO HORMAECHEA JUNTO A VECINOS DEL BARRIO YAPEY\u00da DEJ\u00d3 HABILITADA LA CALLE BELLA VISTA"},"content":{"rendered":"<p style=\"font-weight: 400;\">Nueva Inauguraci\u00f3n cuadra del Programa \u201cMita y Mita\u201d<\/p>\n<p style=\"font-weight: 400;\">Antes del inicio del acto de inauguraci\u00f3n del pavimento en hormig\u00f3n armado de la calle Bella Vista, el Intendente junto a vecinos, concejales, funcionarios, legisladores y presidentes barriales hicieron la plantaci\u00f3n de 18 especies arb\u00f3reas del Vivero Municipal.<\/p>\n<p style=\"font-weight: 400;\"><img loading=\"lazy\" decoding=\"async\" class=\"wp-image-26162 alignleft\" src=\"https:\/\/radiobitacora.com.ar\/web\/wp-content\/uploads\/2025\/09\/inauguracion-calle-Bella-Vista-3.jpg\" alt=\"\" width=\"399\" height=\"225\" srcset=\"https:\/\/radiobitacora.com.ar\/web\/wp-content\/uploads\/2025\/09\/inauguracion-calle-Bella-Vista-3.jpg 1600w, https:\/\/radiobitacora.com.ar\/web\/wp-content\/uploads\/2025\/09\/inauguracion-calle-Bella-Vista-3-696x392.jpg 696w, https:\/\/radiobitacora.com.ar\/web\/wp-content\/uploads\/2025\/09\/inauguracion-calle-Bella-Vista-3-1068x601.jpg 1068w, https:\/\/radiobitacora.com.ar\/web\/wp-content\/uploads\/2025\/09\/inauguracion-calle-Bella-Vista-3-747x420.jpg 747w\" sizes=\"auto, (max-width: 399px) 100vw, 399px\" \/><\/p>\n<p style=\"font-weight: 400;\">En la oportunidad las especies colocadas 15 de siempre verde, 2 campanitas y a solicitud de vecinos un chivato con la intenci\u00f3n de plantar otras m\u00e1s de esa misma especie para totalizar 23 plantas en la calle inaugurada.<\/p>\n<p style=\"font-weight: 400;\">\n<p style=\"font-weight: 400;\">El acto de inauguraci\u00f3n de la calle por medio del programa \u201cMita y Mita\u201d presidi\u00f3 el Intendente Mariano Hormaechea, acompa\u00f1aron el Presidente del Barrio Yapeyu Omar Jes\u00fas Contreras, el Vicepresidente 1\u00ba del HCD Marcelo Frattini, Vicepresidente 2\u00ba del HCD Viv\u00edan Merlo, el Senador Provincial Ignacio Osella, funcionarios municipales, concejales, vecinos del citado barrio y vecinos de otros barrios, p\u00fablico en general<\/p>\n<p style=\"font-weight: 400;\">\n<p style=\"font-weight: 400;\">El intendente municipal y los vecinos coincidieron en se\u00f1alar como un \u201cnuevo sue\u00f1o logrado, producto del trabajo articulado, en rec\u00edproca confianza entre municipio y vecinos&#8221;.<\/p>\n<p style=\"font-weight: 400;\"><img loading=\"lazy\" decoding=\"async\" class=\"wp-image-26163 alignleft\" src=\"https:\/\/radiobitacora.com.ar\/web\/wp-content\/uploads\/2025\/09\/inauguracion-calle-Bella-Vista-6-Carolina-Ojeda.jpg\" alt=\"\" width=\"438\" height=\"247\" srcset=\"https:\/\/radiobitacora.com.ar\/web\/wp-content\/uploads\/2025\/09\/inauguracion-calle-Bella-Vista-6-Carolina-Ojeda.jpg 1600w, https:\/\/radiobitacora.com.ar\/web\/wp-content\/uploads\/2025\/09\/inauguracion-calle-Bella-Vista-6-Carolina-Ojeda-696x392.jpg 696w, https:\/\/radiobitacora.com.ar\/web\/wp-content\/uploads\/2025\/09\/inauguracion-calle-Bella-Vista-6-Carolina-Ojeda-1068x601.jpg 1068w, https:\/\/radiobitacora.com.ar\/web\/wp-content\/uploads\/2025\/09\/inauguracion-calle-Bella-Vista-6-Carolina-Ojeda-747x420.jpg 747w\" sizes=\"auto, (max-width: 438px) 100vw, 438px\" \/><\/p>\n<p style=\"font-weight: 400;\">El frentista Alberto Ranaletti, expres\u00f3 la alegr\u00eda por la obra, por el sue\u00f1o cumplido a los vecinos que hace mucho tiempo residen en el barrio y auguro: \u201cPor cuatro a\u00f1os m\u00e1s de \u201cMita y Mita\u201d<\/p>\n<p style=\"font-weight: 400;\">\n<p style=\"font-weight: 400;\">El Intendente Mariano Hormaechea, agradeci\u00f3 la confianza reivindicada el pasado 31 de agosto, asumiendo el doble desaf\u00edo: \u201cLa continuidad del proyecto de ciudad, las nuevas propuestas presentadas a los goyanos para seguir creciendo, desarroll\u00e1ndonos y revalorizando la confianza obtenida de los vecinos de Goya\u201d<\/p>\n<p style=\"font-weight: 400;\">\n<p style=\"font-weight: 400;\">\n<p style=\"font-weight: 400;\">MARIANO HORMAECHEA<\/p>\n<p style=\"font-weight: 400;\"><img loading=\"lazy\" decoding=\"async\" class=\"wp-image-26164 alignleft\" src=\"https:\/\/radiobitacora.com.ar\/web\/wp-content\/uploads\/2025\/09\/inauguracion-calle-Bella-Vista-7.jpg\" alt=\"\" width=\"396\" height=\"223\" srcset=\"https:\/\/radiobitacora.com.ar\/web\/wp-content\/uploads\/2025\/09\/inauguracion-calle-Bella-Vista-7.jpg 1600w, https:\/\/radiobitacora.com.ar\/web\/wp-content\/uploads\/2025\/09\/inauguracion-calle-Bella-Vista-7-696x392.jpg 696w, https:\/\/radiobitacora.com.ar\/web\/wp-content\/uploads\/2025\/09\/inauguracion-calle-Bella-Vista-7-1068x601.jpg 1068w, https:\/\/radiobitacora.com.ar\/web\/wp-content\/uploads\/2025\/09\/inauguracion-calle-Bella-Vista-7-747x420.jpg 747w\" sizes=\"auto, (max-width: 396px) 100vw, 396px\" \/><\/p>\n<p style=\"font-weight: 400;\">El Intendente Mariano Hormaechea, agradeci\u00f3 la presencia de funcionarios, concejales, legisladores a presidente barriales, y a los vecinos del Barrio Yapey\u00fa, como equipo de gesti\u00f3n, municipal, pol\u00edtico: \u201c quiero agradecer a todos los vecinos por reivindicar este proyecto pol\u00edtico, por ratificarnos el pasado 31 de agosto, reivindicando este modelo de gesti\u00f3n, de manera contundente, nos da la oportunidad de continuar con este trabajo tenemos una doble responsabilidad hacia adelante, en la propuesta de continuidad con todo el programa que llevamos a los vecinos, as\u00ed lograremos mayor desarrollo, crecimiento, este programa (Mita y Mita), refleja lo que queremos ser, progresar, trabajar juntos, de manera solidaria por el bien com\u00fan, en cada cuadra, cord\u00f3n cuneta que venimos haciendo se mejora la ciudad y calidad de vida de los vecinos.\u201d<\/p>\n<p style=\"font-weight: 400;\">\n<p style=\"font-weight: 400;\">El jefe comunal asegur\u00f3: \u201cCumplimos el sue\u00f1o de Aurelia, (vecina de 85 a\u00f1os, docente jubilada), de ver la obra terminada, saludamos en ella a todos los maestros en su d\u00eda.\u201d<\/p>\n<p style=\"font-weight: 400;\">\u201cTenemos mucho trabajo por delante, estamos concluyendo las cuadras de la segunda etapa del programa, son pocas, -anticip\u00f3 el Intendente- nos adelantaremos para desarrollar la 3\u00aa edici\u00f3n, muchos vecinos ya han completado las bolsas de cemento para iniciar lo m\u00e1s r\u00e1pido posible, de igual manera con el cord\u00f3n cuneta, en estos meses que restan del a\u00f1o haremos la prueba del nuevo programa de \u201ctu vereda\u201d, con el mismo sistema de mita y mita, estamos en los 400 frentistas anotados para este nuevo programa.\u201d<\/p>\n<p style=\"font-weight: 400;\">\n<p style=\"font-weight: 400;\">Mariano Hormaechea, al hablar a los vecinos requiri\u00f3 el compromiso para el cuidado de las especies plantadas: \u201cSolicitamos el compromiso a los vecinos, estamos plantando especies de nuestro vivero, el \u00e1rbol solo no crece, requiere cuidado, pedimos que nos ayuden con esa tarea, que nos avisen si es necesario la presencia del equipo municipal porque es fundamental para oxigenar la ciudad, embellecer la ciudad, pero hagamos esto juntos.<\/p>\n<p style=\"font-weight: 400;\">\n<p style=\"font-weight: 400;\">\n<p style=\"font-weight: 400;\">En la parte final de su alocuci\u00f3n el Mandatario Local, puso en valor el trabajo y proyecci\u00f3n de la ciudad como destino tur\u00edstico, invitando a los vecinos a disfrutar de la presencia de los autos cl\u00e1sicos del premio de turismo de carretera, que pasa el fin de semana por Goya: \u201cEstamos trabajando para posicionarnos \u00a0en materia tur\u00edstica hacia adelante, tenemos muchos eventos, este s\u00e1bado 13, tendremos por primera vez desde las 15 y 30 horas la llegada de los autos que participan de la XXII Carrera hist\u00f3rica, invitamos a acercarse a la Rotonda, Mazzanti, Madariaga, primeros concejales hasta Predio Costa Surub\u00ed, all\u00ed mismo en nuestro multiespacio ferial, donde m\u00e1s de 100 autos cl\u00e1sicos del gran premio hist\u00f3rico argentino, organizado por el ACA, estar\u00e1n en nuestra ciudad.\u201d<\/p>\n<p style=\"font-weight: 400;\">\n<p style=\"font-weight: 400;\"><img loading=\"lazy\" decoding=\"async\" class=\"aligncenter size-full wp-image-26166\" src=\"https:\/\/radiobitacora.com.ar\/web\/wp-content\/uploads\/2025\/09\/inauguracion-calle-Bella-Vista-2.jpg\" alt=\"\" width=\"1600\" height=\"900\" srcset=\"https:\/\/radiobitacora.com.ar\/web\/wp-content\/uploads\/2025\/09\/inauguracion-calle-Bella-Vista-2.jpg 1600w, https:\/\/radiobitacora.com.ar\/web\/wp-content\/uploads\/2025\/09\/inauguracion-calle-Bella-Vista-2-696x392.jpg 696w, https:\/\/radiobitacora.com.ar\/web\/wp-content\/uploads\/2025\/09\/inauguracion-calle-Bella-Vista-2-1068x601.jpg 1068w, https:\/\/radiobitacora.com.ar\/web\/wp-content\/uploads\/2025\/09\/inauguracion-calle-Bella-Vista-2-747x420.jpg 747w\" sizes=\"auto, (max-width: 1600px) 100vw, 1600px\" \/><\/p>\n<p style=\"font-weight: 400;\">Mariano Hormaechea, sostuvo: \u201cGoya ser\u00e1 anfitriona, recibir\u00e1 a los autos y sus pilotos que arribaran desde Entre R\u00edos, transitando por la tarde y noche por la ciudad, autos modelos 1947, 1985 y autos modernos BMW, entre otros, ser\u00e1 un fin de semana pintoresco, invitamos a acompa\u00f1ar, recibirlo, conocer, disfrutar con la familia, nos posibilita mostrar la ciudad, porque vienen con periodistas nacionales, por eso reiteramos esta invitaci\u00f3n para disfrutar, tenemos muchos hacia adelante, lo mejor est\u00e1 por venir, invitamos a seguir trabajando juntos, como un gran equipo para el desarrollo de la ciudad.\u201d<\/p>\n<p style=\"font-weight: 400;\">\n<p style=\"font-weight: 400;\">\n<p style=\"font-weight: 400;\">OMAR JESUS CONTRERAS<\/p>\n<p style=\"font-weight: 400;\">\u201cUn Sue\u00f1o con el esfuerzo compartido\u201d<\/p>\n<p style=\"font-weight: 400;\">\n<p style=\"font-weight: 400;\">El presidente del Barrio Omar Jes\u00fas Contreras, \u201cestamos ante el evento de una nueva inauguraci\u00f3n de nueva cuadra, hace 13 a\u00f1os estoy radicado en la ciudad, estas obras son el resultado del trabajo en conjunto primero con el Intendente Ignacio Osella, ahora con Mariano Hormaechea, un trabajo que implic\u00f3 el esfuerzo de cada vecino, quiero reiterar el agradecimiento al Intendente Mariano Hormaechea, que nos permite mejorar nuestra calidad de vida, simplemente gracias a todos\u201d<\/p>\n<p style=\"font-weight: 400;\">\n<p style=\"font-weight: 400;\">ALBERTO RANALETTI<\/p>\n<p style=\"font-weight: 400;\">El frentista (domiciliado en Bella Vista y Yapeyu) Alberto Ranaletti, expreso: \u201cEs en una noche de alegr\u00eda, felicidad, por tener el pavimento de nuestra cuadra, hace 11 a\u00f1os estamos en este barrio, otros nacieron en este espacio, como el caso de la vecina Aurelia pr\u00f3xima a cumplir 85 a\u00f1os, docente jubilada quien nos manifestaba espero ver el pavimento en nuestra cuadra, do\u00f1a Paula es la otra que se gana la vida con la venta de sus verduras, un ejemplo, imag\u00ednense la alegr\u00eda de ellas, es la s\u00edntesis de todos los que viven desde hace mucho tiempo, no es solo la cuadra, es mejorar el ambiente, los recursos, esto es mejorar la calidad de vida, logrado con el esfuerzo mancomunado con este Mita y Mita, ante la mirada de Dios, (parafraseando a Juli\u00e1n Zini), \u00a0somos todos hermanos, debemos vivir en comuni\u00f3n, para lograr el bien com\u00fan para todo el vecindario debemos mantener esa com\u00fan uni\u00f3n, as\u00ed podremos lograr muchas cosas.\u201d<\/p>\n<p style=\"font-weight: 400;\">\u201cAgradezco a este gobierno, a Mariano Hormaechea, es una jornada de emoci\u00f3n, de alegr\u00eda, lo bueno para los vecinos es que tendremos Programa Mita y Mita por 4 a\u00f1os m\u00e1s\u201d Concluy\u00f3 el frentista<\/p>\n<p style=\"font-weight: 400;\">\n<p style=\"font-weight: 400;\">\n<p style=\"font-weight: 400;\">Carolina Ojeda<\/p>\n<p style=\"font-weight: 400;\">\n<p style=\"font-weight: 400;\">Otra de las protagonistas de la noche, la vecina Carolina Ojeda, cont\u00f3 a los presentes, el proceso de pavimentaci\u00f3n de las cuadras lindantes, para llegar a este d\u00eda, considerado de gran emoci\u00f3n: \u201cMe siento contenta y una privilegiada, porque asist\u00ed cuando se paviment\u00f3 la Avenida Alem, la calle Yapey\u00fa, ahora nuestra cuadra, la calle Bella Vista, estoy orgullosa de tener nuestra calle pavimentada, gracias a cada vecino, a esas dos mujeres que viven en esta cuadra, a la gesti\u00f3n al equipo de la municipalidad, simplemente gracias.\u201d<\/p>\n<p style=\"font-weight: 400;\">\n<p style=\"font-weight: 400;\">\n<p style=\"font-weight: 400;\">CORTE DE CINTA<\/p>\n<p style=\"font-weight: 400;\">\n<p style=\"font-weight: 400;\">Para concluir con la habilitaci\u00f3n de la cuadra pavimentada, la calle Bella Vista (entre Avenida Alem y calle Yapey\u00fa) del Barrio Yapey\u00fa, el Intendente Mariano Hormaechea, los vecinos, presidentes barriales, funcionarios municipales, legisladores, concejales y frentistas procedieron al corte de cinta, dejando de esa manera inaugurada la obra de pavimento en hormig\u00f3n armado.<\/p>\n<p style=\"font-weight: 400;\">\n<p style=\"font-weight: 400;\">Direcci\u00f3n de Prensa-Municipalidad de Goya<\/p>\n<p style=\"font-weight: 400;\">\n","protected":false},"excerpt":{"rendered":"<p>Nueva Inauguraci\u00f3n cuadra del Programa \u201cMita y Mita\u201d Antes del inicio del acto de inauguraci\u00f3n del pavimento en hormig\u00f3n armado de la calle Bella Vista, el Intendente junto a vecinos, concejales, funcionarios, legisladores y presidentes barriales hicieron la plantaci\u00f3n de 18 especies arb\u00f3reas del Vivero Municipal. En la oportunidad las especies colocadas 15 de siempre [&hellip;]<\/p>\n","protected":false},"author":2,"featured_media":26167,"comment_status":"closed","ping_status":"closed","sticky":false,"template":"","format":"standard","meta":{"footnotes":""},"categories":[56],"tags":[],"class_list":{"0":"post-26161","1":"post","2":"type-post","3":"status-publish","4":"format-standard","5":"has-post-thumbnail","7":"category-locales"},"_links":{"self":[{"href":"https:\/\/radiobitacora.com.ar\/web\/wp-json\/wp\/v2\/posts\/26161","targetHints":{"allow":["GET"]}}],"collection":[{"href":"https:\/\/radiobitacora.com.ar\/web\/wp-json\/wp\/v2\/posts"}],"about":[{"href":"https:\/\/radiobitacora.com.ar\/web\/wp-json\/wp\/v2\/types\/post"}],"author":[{"embeddable":true,"href":"https:\/\/radiobitacora.com.ar\/web\/wp-json\/wp\/v2\/users\/2"}],"replies":[{"embeddable":true,"href":"https:\/\/radiobitacora.com.ar\/web\/wp-json\/wp\/v2\/comments?post=26161"}],"version-history":[{"count":0,"href":"https:\/\/radiobitacora.com.ar\/web\/wp-json\/wp\/v2\/posts\/26161\/revisions"}],"wp:featuredmedia":[{"embeddable":true,"href":"https:\/\/radiobitacora.com.ar\/web\/wp-json\/wp\/v2\/media\/26167"}],"wp:attachment":[{"href":"https:\/\/radiobitacora.com.ar\/web\/wp-json\/wp\/v2\/media?parent=26161"}],"wp:term":[{"taxonomy":"category","embeddable":true,"href":"https:\/\/radiobitacora.com.ar\/web\/wp-json\/wp\/v2\/categories?post=26161"},{"taxonomy":"post_tag","embeddable":true,"href":"https:\/\/radiobitacora.com.ar\/web\/wp-json\/wp\/v2\/tags?post=26161"}],"curies":[{"name":"wp","href":"https:\/\/api.w.org\/{rel}","templated":true}]}}