{"id":26200,"date":"2025-09-14T21:30:11","date_gmt":"2025-09-15T00:30:11","guid":{"rendered":"https:\/\/radiobitacora.com.ar\/web\/?p=26200"},"modified":"2025-09-14T21:30:11","modified_gmt":"2025-09-15T00:30:11","slug":"el-intendente-mariano-hormaechea-asistio-a-la-apertura-del-juego-amistoso-de-voley","status":"publish","type":"post","link":"https:\/\/radiobitacora.com.ar\/web\/2025\/09\/14\/el-intendente-mariano-hormaechea-asistio-a-la-apertura-del-juego-amistoso-de-voley\/","title":{"rendered":"EL INTENDENTE MARIANO HORMAECHEA ASISTI\u00d3 A LA APERTURA DEL JUEGO AMISTOSO DE VOLEY"},"content":{"rendered":"<p style=\"font-weight: 400;\">El Club Uni\u00f3n , sede para el partido amistoso interprovincial de V\u00f3ley con la participaci\u00f3n del Club Villa Dora de Santa Fe, equipo de la Liga Nacional de ese deporte.<\/p>\n<p style=\"font-weight: 400;\">Una Catedral del Basquetbol colmada de aficionados expectantes por ver el desarrollo del juego deportivo.<\/p>\n<p style=\"font-weight: 400;\"><img loading=\"lazy\" decoding=\"async\" class=\"wp-image-26201 alignleft\" src=\"https:\/\/radiobitacora.com.ar\/web\/wp-content\/uploads\/2025\/09\/voley-amistoso-4.jpg\" alt=\"\" width=\"325\" height=\"183\" srcset=\"https:\/\/radiobitacora.com.ar\/web\/wp-content\/uploads\/2025\/09\/voley-amistoso-4.jpg 1600w, https:\/\/radiobitacora.com.ar\/web\/wp-content\/uploads\/2025\/09\/voley-amistoso-4-696x392.jpg 696w, https:\/\/radiobitacora.com.ar\/web\/wp-content\/uploads\/2025\/09\/voley-amistoso-4-1068x601.jpg 1068w, https:\/\/radiobitacora.com.ar\/web\/wp-content\/uploads\/2025\/09\/voley-amistoso-4-747x420.jpg 747w\" sizes=\"auto, (max-width: 325px) 100vw, 325px\" \/><\/p>\n<p style=\"font-weight: 400;\">\n<p style=\"font-weight: 400;\">En Uni\u00f3n antes del inicio de los juegos en categor\u00edas U21 y Primera Divisi\u00f3n entre los equipos de la selecci\u00f3n goyana y Villa Dora de Santa Fe, se realiz\u00f3 la presentaci\u00f3n correspondiente<\/p>\n<p style=\"font-weight: 400;\">\n<p style=\"font-weight: 400;\">Del acto inaugural junto al Intendente Mariano Hormaechea, participaron el presidente del Centro de Profesores de Educaci\u00f3n F\u00edsica (instituci\u00f3n organizadora), Mariano Lopez, la presidente de la Liga Goyana de V\u00f3ley Carol Gonz\u00e1lez, el presidente del Club visitante Villa Dora Adri\u00e1n Ramseyer, acompa\u00f1aron la ceremonia inaugural el Secretario de Desarrollo Humano Julio Canteros, el Director de Deportes Alejandro Lago e integrantes del CEF y la Liga Goyana.<\/p>\n<p style=\"font-weight: 400;\"><img loading=\"lazy\" decoding=\"async\" class=\"wp-image-26202 alignleft\" src=\"https:\/\/radiobitacora.com.ar\/web\/wp-content\/uploads\/2025\/09\/voley-amistoso-5.jpg\" alt=\"\" width=\"373\" height=\"210\" srcset=\"https:\/\/radiobitacora.com.ar\/web\/wp-content\/uploads\/2025\/09\/voley-amistoso-5.jpg 1600w, https:\/\/radiobitacora.com.ar\/web\/wp-content\/uploads\/2025\/09\/voley-amistoso-5-696x392.jpg 696w, https:\/\/radiobitacora.com.ar\/web\/wp-content\/uploads\/2025\/09\/voley-amistoso-5-1068x601.jpg 1068w, https:\/\/radiobitacora.com.ar\/web\/wp-content\/uploads\/2025\/09\/voley-amistoso-5-747x420.jpg 747w\" sizes=\"auto, (max-width: 373px) 100vw, 373px\" \/><\/p>\n<p style=\"font-weight: 400;\">La apertura de la ceremonia dio inicio con el ingreso de la bandera argentina, los equipos participantes del juego Liga Goyana y Villa Dora, tras lo cual se entonaron las estrofas del Himno Nacional Argentino<\/p>\n<p style=\"font-weight: 400;\">\n<p style=\"font-weight: 400;\">\n<p style=\"font-weight: 400;\">MARIANO HORMAECHEA<\/p>\n<p style=\"font-weight: 400;\">El Intendente Mariano Hormaechea, agradeci\u00f3 el acompa\u00f1amiento de los funcionarios, de los presidentes del Centro de Profesores de Educaci\u00f3n F\u00edsica, de la Liga Goyana de V\u00f3ley y del Club de Villa Dora a quien deseo sea bienvenido a la ciudad, para manifestar: \u201cNosotros trabajamos para que nuestro deporte crezca, se fortalezca es una excelente oportunidad para que se pueda dar esta situaci\u00f3n, gracias al Club Uni\u00f3n por facilitar el espacio para este juego, esta es la manera de trabajar juntos la Municipalidad, las instituciones, realmente es una tarde para disfrutar de un excelente juego, gracias por acompa\u00f1ar la propuesta, bienvenidos a todos, muchas gracias y disfrutemos del espect\u00e1culo deportivo.\u201d<\/p>\n<p style=\"font-weight: 400;\">\n<p style=\"font-weight: 400;\">MARIANO LOPEZ<\/p>\n<p style=\"font-weight: 400;\"><img loading=\"lazy\" decoding=\"async\" class=\"wp-image-26203 alignleft\" src=\"https:\/\/radiobitacora.com.ar\/web\/wp-content\/uploads\/2025\/09\/voley-amistoso-8.jpg\" alt=\"\" width=\"421\" height=\"237\" srcset=\"https:\/\/radiobitacora.com.ar\/web\/wp-content\/uploads\/2025\/09\/voley-amistoso-8.jpg 1600w, https:\/\/radiobitacora.com.ar\/web\/wp-content\/uploads\/2025\/09\/voley-amistoso-8-696x392.jpg 696w, https:\/\/radiobitacora.com.ar\/web\/wp-content\/uploads\/2025\/09\/voley-amistoso-8-1068x601.jpg 1068w, https:\/\/radiobitacora.com.ar\/web\/wp-content\/uploads\/2025\/09\/voley-amistoso-8-747x420.jpg 747w\" sizes=\"auto, (max-width: 421px) 100vw, 421px\" \/><\/p>\n<p style=\"font-weight: 400;\">El presidente del Centro de Profesores de Educaci\u00f3n F\u00edsica Mariano Lopez, destac\u00f3 que \u201cEs un orgullo para la ciudad recibir a un equipo de la calidad de Villa Dora, no es solo un juego, es un encuentro donde pondremos los valores de disciplina, amistad y pasi\u00f3n, un d\u00eda para disfrutar, nuevamente muchas gracias a la Municipalidad, al Club que nos visita y al p\u00fablico que nos acompa\u00f1a.\u201d<\/p>\n<p style=\"font-weight: 400;\">\n<p style=\"font-weight: 400;\">CAROL GONZALEZ<\/p>\n<p style=\"font-weight: 400;\">La presidente de la Liga Goyana de V\u00f3ley Carol Gonz\u00e1lez, agradeci\u00f3 por \u201cel esfuerzo, para hacer posible este partido, gracias a las autoridades municipales, al Centro de Profesores de Educaci\u00f3n F\u00edsica, nos sentimos muy contentas de ser convocadas para participar de este encuentro, que no es solo deportivo sino marca una experiencia \u00fanica para cada una de nuestras jugadoras, para nuestro deporte, gracias a disfrutar.\u201d<\/p>\n<p style=\"font-weight: 400;\">\n<p style=\"font-weight: 400;\">ADRIAN RAMSEYER<\/p>\n<p style=\"font-weight: 400;\">\n<p style=\"font-weight: 400;\">El presidente de la Comisi\u00f3n Directiva de Villa Dora Adri\u00e1n Ramseyer, agradeci\u00f3 la receptividad, la oportunidad de traer al equipo que afronta la liga nacional, para expresar: \u201cNosotros estamos contentos de poder hacer esta gira, de la consideraci\u00f3n para invitarnos, estamos seguros que esto es m\u00e1s que un juego, que un encuentro deportivo, somos conscientes de nuestro trabajo para estar jugando en la Liga, pero estos ambientes nos fortalecen, porque nos muestran el acompa\u00f1amiento de una ciudad, en este caso la pasi\u00f3n por este deporte, el mejor resultado es afianzar los v\u00ednculos.\u201d<\/p>\n<p style=\"font-weight: 400;\"><img loading=\"lazy\" decoding=\"async\" class=\"aligncenter size-full wp-image-26204\" src=\"https:\/\/radiobitacora.com.ar\/web\/wp-content\/uploads\/2025\/09\/voley-amistoso-11.jpg\" alt=\"\" width=\"1600\" height=\"900\" srcset=\"https:\/\/radiobitacora.com.ar\/web\/wp-content\/uploads\/2025\/09\/voley-amistoso-11.jpg 1600w, https:\/\/radiobitacora.com.ar\/web\/wp-content\/uploads\/2025\/09\/voley-amistoso-11-696x392.jpg 696w, https:\/\/radiobitacora.com.ar\/web\/wp-content\/uploads\/2025\/09\/voley-amistoso-11-1068x601.jpg 1068w, https:\/\/radiobitacora.com.ar\/web\/wp-content\/uploads\/2025\/09\/voley-amistoso-11-747x420.jpg 747w\" sizes=\"auto, (max-width: 1600px) 100vw, 1600px\" \/><\/p>\n<p style=\"font-weight: 400;\">Una vez concluida la ceremonia inaugural comenz\u00f3 la disputa de los juegos en las categor\u00edas programadas.<\/p>\n<p style=\"font-weight: 400;\">\n<p style=\"font-weight: 400;\">Direcci\u00f3n de Prensa-Municipalidad de Goya<\/p>\n","protected":false},"excerpt":{"rendered":"<p>El Club Uni\u00f3n , sede para el partido amistoso interprovincial de V\u00f3ley con la participaci\u00f3n del Club Villa Dora de Santa Fe, equipo de la Liga Nacional de ese deporte. Una Catedral del Basquetbol colmada de aficionados expectantes por ver el desarrollo del juego deportivo. En Uni\u00f3n antes del inicio de los juegos en categor\u00edas [&hellip;]<\/p>\n","protected":false},"author":2,"featured_media":26205,"comment_status":"closed","ping_status":"closed","sticky":false,"template":"","format":"standard","meta":{"footnotes":""},"categories":[78],"tags":[],"class_list":{"0":"post-26200","1":"post","2":"type-post","3":"status-publish","4":"format-standard","5":"has-post-thumbnail","7":"category-deportes"},"_links":{"self":[{"href":"https:\/\/radiobitacora.com.ar\/web\/wp-json\/wp\/v2\/posts\/26200","targetHints":{"allow":["GET"]}}],"collection":[{"href":"https:\/\/radiobitacora.com.ar\/web\/wp-json\/wp\/v2\/posts"}],"about":[{"href":"https:\/\/radiobitacora.com.ar\/web\/wp-json\/wp\/v2\/types\/post"}],"author":[{"embeddable":true,"href":"https:\/\/radiobitacora.com.ar\/web\/wp-json\/wp\/v2\/users\/2"}],"replies":[{"embeddable":true,"href":"https:\/\/radiobitacora.com.ar\/web\/wp-json\/wp\/v2\/comments?post=26200"}],"version-history":[{"count":0,"href":"https:\/\/radiobitacora.com.ar\/web\/wp-json\/wp\/v2\/posts\/26200\/revisions"}],"wp:featuredmedia":[{"embeddable":true,"href":"https:\/\/radiobitacora.com.ar\/web\/wp-json\/wp\/v2\/media\/26205"}],"wp:attachment":[{"href":"https:\/\/radiobitacora.com.ar\/web\/wp-json\/wp\/v2\/media?parent=26200"}],"wp:term":[{"taxonomy":"category","embeddable":true,"href":"https:\/\/radiobitacora.com.ar\/web\/wp-json\/wp\/v2\/categories?post=26200"},{"taxonomy":"post_tag","embeddable":true,"href":"https:\/\/radiobitacora.com.ar\/web\/wp-json\/wp\/v2\/tags?post=26200"}],"curies":[{"name":"wp","href":"https:\/\/api.w.org\/{rel}","templated":true}]}}