{"id":26317,"date":"2025-09-20T18:22:45","date_gmt":"2025-09-20T21:22:45","guid":{"rendered":"https:\/\/radiobitacora.com.ar\/web\/?p=26317"},"modified":"2025-09-20T18:26:34","modified_gmt":"2025-09-20T21:26:34","slug":"expectativa-por-jornada-sobre-salud-materno-infantil-organizado-por-el-rotary-club-goya","status":"publish","type":"post","link":"https:\/\/radiobitacora.com.ar\/web\/2025\/09\/20\/expectativa-por-jornada-sobre-salud-materno-infantil-organizado-por-el-rotary-club-goya\/","title":{"rendered":"EXPECTATIVA POR JORNADA SOBRE SALUD MATERNO INFANTIL ORGANIZADO POR EL ROTARY CLUB GOYA"},"content":{"rendered":"<p>Encuentro Regional:<\/p>\n<p>&nbsp;<\/p>\n<p>La entidad de servicios propone un encuentro regional de Salud Materno Infantil a desarrollarse el s\u00e1bado.<\/p>\n<p>27 de septiembre de 9 a 12 hs en la Universidad de la Cuenca del Plata Sede Goya. El mencionado encuentro est\u00e1 destinado a profesionales de la salud, alumnos de las carreras afines y p\u00fablico en general.<\/p>\n<p>A cargo de la centenaria entidad de servicios, est\u00e1 su presidente, Mariela Andrea Lacasa\u00f1a Blanco quien este viernes adelant\u00f3 el encuentro e invit\u00f3 a la ciudadan\u00eda para que forme parte.<\/p>\n<p>\u201cEstar\u00e1n disertando profesionales de varias localidades. En esta oportunidad nos unimos con los Rotary Club de otras comunas como Esquina, Bella Vista y Corrientes. Algunos de estos profesionales son miembros rotarios y otros que no lo son, pero siempre nos est\u00e1n acompa\u00f1ando en nuestras propuestas\u201d explic\u00f3 Lacasa\u00f1a.<\/p>\n<p>\u201cLa salud materno infantil es una de las \u00e1reas de inter\u00e9s que propone Rotary Internacional y, a trav\u00e9s de esta \u00e1rea, es donde nosotros desarrollamos y enfocamos estas propuestas para el s\u00e1bado 27\u201d.<\/p>\n<p>Cabe se\u00f1alar que por la tarde del mismo s\u00e1bado el encuentro continuar\u00e1 en el Centro CONIN Goya, sito en Tucum\u00e1n 557, de 17 a 18:30 horas.<\/p>\n<p>Los disertantes sobre esta tem\u00e1tica ser\u00e1n: Dr. Luis Azula, coordinador del banco de leche materna de Corrientes.<\/p>\n<p>Lic. en Nutrici\u00f3n, Flavia Brest, coordinadora de la carrera Licenciatura en Nutrici\u00f3n.<\/p>\n<p>Dra. Carmen Barrios, especialista en emergentolog\u00eda, medicina social y comunitaria. Pte. Rotary Club Esquina.<\/p>\n<p>Dra. Carolina Ram\u00edrez, obstetra, especialista en Endocrinolog\u00eda Pte. Rotary Club Corrientes Sur.<\/p>\n<p>Dra. Luc\u00eda Ru\u00edz D\u00edaz, m\u00e9dica general y familiar. Pte. Rotary Club Corrientes Sur.<\/p>\n<p>Puericultora y Asesora en Lactancia, Cecilia Zoloaga.<\/p>\n<p>\u201cLa convocatoria est\u00e1 destinada no solo a profesionales de la salud sino a alumnos que est\u00e1n cursando carreras afines, a empresas, instituciones y p\u00fablico en general. Va a abarcar desde el per\u00edodo gestacional o prenatal hasta los primeros a\u00f1os de vida\u201d.<\/p>\n<p>Para la propuesta de la tarde, desde el Rotary Club Goya, solicitan a los participantes concurrir con un alimento no perecedero para ser destinado a CONIN.<\/p>\n<p>T\u00c9 SOLIDARIO<\/p>\n<p>Mariela Lacasa\u00f1a Blanco invit\u00f3 a un T\u00e9 Anual solidario el s\u00e1bado 27\/09 a las 17h. con un costo de $15.000 para juntar fondos para el banco ortop\u00e9dico. La cita se concretar\u00e1 en el Centro de Docentes Jubilados y Pensionados Nacionales, calle Evaristo L\u00f3pez\u00a0 640. All\u00ed se va a realizar este encuentro donde se va a reconocer a personas e instituciones destacadas en el \u00e1mbito solidario.<\/p>\n<p>\u201cLo recaudado es destinado para el mantenimiento de nuestro banco ortop\u00e9dico que consta de sillas de ruedas, camas, bastones, andadores y otros elementos al servicio de la comunidad en calidad de pr\u00e9stamo, as\u00ed que las esperamos a todas\u201d cerr\u00f3.<\/p>\n<p>&nbsp;<\/p>\n<p>&nbsp;<\/p>\n<p>&nbsp;<\/p>\n<p>&nbsp;<\/p>\n<p>Direcci\u00f3n de Prensa \u2013 Municipalidad de Goya.<\/p>\n","protected":false},"excerpt":{"rendered":"<p>Encuentro Regional: &nbsp; La entidad de servicios propone un encuentro regional de Salud Materno Infantil a desarrollarse el s\u00e1bado. 27 de septiembre de 9 a 12 hs en la Universidad de la Cuenca del Plata Sede Goya. El mencionado encuentro est\u00e1 destinado a profesionales de la salud, alumnos de las carreras afines y p\u00fablico en [&hellip;]<\/p>\n","protected":false},"author":2,"featured_media":26318,"comment_status":"closed","ping_status":"closed","sticky":false,"template":"","format":"standard","meta":{"footnotes":""},"categories":[56],"tags":[],"class_list":{"0":"post-26317","1":"post","2":"type-post","3":"status-publish","4":"format-standard","5":"has-post-thumbnail","7":"category-locales"},"_links":{"self":[{"href":"https:\/\/radiobitacora.com.ar\/web\/wp-json\/wp\/v2\/posts\/26317","targetHints":{"allow":["GET"]}}],"collection":[{"href":"https:\/\/radiobitacora.com.ar\/web\/wp-json\/wp\/v2\/posts"}],"about":[{"href":"https:\/\/radiobitacora.com.ar\/web\/wp-json\/wp\/v2\/types\/post"}],"author":[{"embeddable":true,"href":"https:\/\/radiobitacora.com.ar\/web\/wp-json\/wp\/v2\/users\/2"}],"replies":[{"embeddable":true,"href":"https:\/\/radiobitacora.com.ar\/web\/wp-json\/wp\/v2\/comments?post=26317"}],"version-history":[{"count":0,"href":"https:\/\/radiobitacora.com.ar\/web\/wp-json\/wp\/v2\/posts\/26317\/revisions"}],"wp:featuredmedia":[{"embeddable":true,"href":"https:\/\/radiobitacora.com.ar\/web\/wp-json\/wp\/v2\/media\/26318"}],"wp:attachment":[{"href":"https:\/\/radiobitacora.com.ar\/web\/wp-json\/wp\/v2\/media?parent=26317"}],"wp:term":[{"taxonomy":"category","embeddable":true,"href":"https:\/\/radiobitacora.com.ar\/web\/wp-json\/wp\/v2\/categories?post=26317"},{"taxonomy":"post_tag","embeddable":true,"href":"https:\/\/radiobitacora.com.ar\/web\/wp-json\/wp\/v2\/tags?post=26317"}],"curies":[{"name":"wp","href":"https:\/\/api.w.org\/{rel}","templated":true}]}}