{"id":26346,"date":"2025-09-21T19:47:19","date_gmt":"2025-09-21T22:47:19","guid":{"rendered":"https:\/\/radiobitacora.com.ar\/web\/?p=26346"},"modified":"2025-09-21T19:47:19","modified_gmt":"2025-09-21T22:47:19","slug":"golpe-al-narcotrafico-policia-federal-argentina","status":"publish","type":"post","link":"https:\/\/radiobitacora.com.ar\/web\/2025\/09\/21\/golpe-al-narcotrafico-policia-federal-argentina\/","title":{"rendered":"Golpe al Narcotr\u00e1fico \u2013 POLIC\u00cdA FEDERAL ARGENTINA"},"content":{"rendered":"<p style=\"font-weight: 400;\">Dos detenidos, dos allanamientos, secuestro de elementos vinculados a la infracci\u00f3n a de la ley de droga, fue el resultado de una investigaci\u00f3n de una familia narco criminal, quienes se dedicaban a la comercializaci\u00f3n de estupefacientes en la Ciudad de Santa Luc\u00eda, provincia de Corrientes.<\/p>\n<p style=\"font-weight: 400;\"><img loading=\"lazy\" decoding=\"async\" class=\"wp-image-26347 alignleft\" src=\"https:\/\/radiobitacora.com.ar\/web\/wp-content\/uploads\/2025\/09\/allanamiento-PFA-Unidad-Operativa-Goya-3.jpg\" alt=\"\" width=\"245\" height=\"184\" srcset=\"https:\/\/radiobitacora.com.ar\/web\/wp-content\/uploads\/2025\/09\/allanamiento-PFA-Unidad-Operativa-Goya-3.jpg 528w, https:\/\/radiobitacora.com.ar\/web\/wp-content\/uploads\/2025\/09\/allanamiento-PFA-Unidad-Operativa-Goya-3-80x60.jpg 80w, https:\/\/radiobitacora.com.ar\/web\/wp-content\/uploads\/2025\/09\/allanamiento-PFA-Unidad-Operativa-Goya-3-265x198.jpg 265w\" sizes=\"auto, (max-width: 245px) 100vw, 245px\" \/><\/p>\n<p style=\"font-weight: 400;\">La Divisi\u00f3n Unidad Operativa Federal Goya, perteneciente a la Superintendencia de AGENCIAS FEDERALES de la Polic\u00eda Federal Argentina, llev\u00f3 adelante un importante operativo, procediendo a la detenci\u00f3n de dos ciudadanos quienes se dedicaban a la venta de estupefacientes.<\/p>\n<p style=\"font-weight: 400;\">\n<p style=\"font-weight: 400;\">Las pesquisas surgieron a ra\u00edz de una investigaci\u00f3n iniciada en el a\u00f1o 2024, donde se tom\u00f3 conocimiento que, en un domicilio de la localidad de Santa Lucia, se comercializaban sustancias estupefacientes. Con el avance de la investigaci\u00f3n, se lograron identificar v\u00ednculos dentro de la organizaci\u00f3n, estableci\u00e9ndose un total de DOS (2) domicilios vinculados, uno encargado de la venta de sustancia y el otro al resguardo de las mismas. En consecuencia, el magistrado interviniente libr\u00f3 \u00f3rdenes de allanamiento, en cuyos respectivos inmuebles se constataron maniobras compatibles con infracci\u00f3n a la Ley 23.737.<\/p>\n<p style=\"font-weight: 400;\"><img loading=\"lazy\" decoding=\"async\" class=\" wp-image-26348 alignleft\" src=\"https:\/\/radiobitacora.com.ar\/web\/wp-content\/uploads\/2025\/09\/allanamiento-PFA-Unidad-Operativa-Goya-4.jpg\" alt=\"\" width=\"289\" height=\"217\" srcset=\"https:\/\/radiobitacora.com.ar\/web\/wp-content\/uploads\/2025\/09\/allanamiento-PFA-Unidad-Operativa-Goya-4.jpg 513w, https:\/\/radiobitacora.com.ar\/web\/wp-content\/uploads\/2025\/09\/allanamiento-PFA-Unidad-Operativa-Goya-4-80x60.jpg 80w, https:\/\/radiobitacora.com.ar\/web\/wp-content\/uploads\/2025\/09\/allanamiento-PFA-Unidad-Operativa-Goya-4-265x198.jpg 265w\" sizes=\"auto, (max-width: 289px) 100vw, 289px\" \/><\/p>\n<p style=\"font-weight: 400;\">Las distintas tareas de campo como as\u00ed tambi\u00e9n de intervenciones telef\u00f3nicas,\u00a0 lograron establecer que los investigados, se dedicaban a la comercializaci\u00f3n de sustancias estupefacientes en la localidad de Santa Lucia, donde el Juzgado Federal de Goya, dispuso el allanamiento sobre los mismos, logr\u00e1ndose el secuestro de de coca\u00edna lista para su comercializaci\u00f3n, balanzas de precisi\u00f3n, y elementos de fraccionamiento y moto veh\u00edculos utilizados para realizar entregas de sustancias modalidad delivery.<\/p>\n<p style=\"font-weight: 400;\">\n<p style=\"font-weight: 400;\">La Polic\u00eda Federal Argentina, siguiendo los lineamientos del Ministerio de Seguridad Nacional, contin\u00faa con la constante lucha contra el narcotr\u00e1fico y el delito complejo.<\/p>\n<p style=\"font-weight: 400;\">\n<p style=\"font-weight: 400;\">Direcci\u00f3n de Prensa-Municipalidad de Goya<\/p>\n","protected":false},"excerpt":{"rendered":"<p>Dos detenidos, dos allanamientos, secuestro de elementos vinculados a la infracci\u00f3n a de la ley de droga, fue el resultado de una investigaci\u00f3n de una familia narco criminal, quienes se dedicaban a la comercializaci\u00f3n de estupefacientes en la Ciudad de Santa Luc\u00eda, provincia de Corrientes. La Divisi\u00f3n Unidad Operativa Federal Goya, perteneciente a la Superintendencia [&hellip;]<\/p>\n","protected":false},"author":2,"featured_media":26349,"comment_status":"closed","ping_status":"closed","sticky":false,"template":"","format":"standard","meta":{"footnotes":""},"categories":[84],"tags":[],"class_list":{"0":"post-26346","1":"post","2":"type-post","3":"status-publish","4":"format-standard","5":"has-post-thumbnail","7":"category-policiales"},"_links":{"self":[{"href":"https:\/\/radiobitacora.com.ar\/web\/wp-json\/wp\/v2\/posts\/26346","targetHints":{"allow":["GET"]}}],"collection":[{"href":"https:\/\/radiobitacora.com.ar\/web\/wp-json\/wp\/v2\/posts"}],"about":[{"href":"https:\/\/radiobitacora.com.ar\/web\/wp-json\/wp\/v2\/types\/post"}],"author":[{"embeddable":true,"href":"https:\/\/radiobitacora.com.ar\/web\/wp-json\/wp\/v2\/users\/2"}],"replies":[{"embeddable":true,"href":"https:\/\/radiobitacora.com.ar\/web\/wp-json\/wp\/v2\/comments?post=26346"}],"version-history":[{"count":0,"href":"https:\/\/radiobitacora.com.ar\/web\/wp-json\/wp\/v2\/posts\/26346\/revisions"}],"wp:featuredmedia":[{"embeddable":true,"href":"https:\/\/radiobitacora.com.ar\/web\/wp-json\/wp\/v2\/media\/26349"}],"wp:attachment":[{"href":"https:\/\/radiobitacora.com.ar\/web\/wp-json\/wp\/v2\/media?parent=26346"}],"wp:term":[{"taxonomy":"category","embeddable":true,"href":"https:\/\/radiobitacora.com.ar\/web\/wp-json\/wp\/v2\/categories?post=26346"},{"taxonomy":"post_tag","embeddable":true,"href":"https:\/\/radiobitacora.com.ar\/web\/wp-json\/wp\/v2\/tags?post=26346"}],"curies":[{"name":"wp","href":"https:\/\/api.w.org\/{rel}","templated":true}]}}