{"id":26366,"date":"2025-09-21T20:16:08","date_gmt":"2025-09-21T23:16:08","guid":{"rendered":"https:\/\/radiobitacora.com.ar\/web\/?p=26366"},"modified":"2025-09-21T20:21:50","modified_gmt":"2025-09-21T23:21:50","slug":"la-foto-que-publico-flavio-briatore-con-franco-colapinto-que-desperto-varias-teorias-sobre-su-futuro-en-la-f1","status":"publish","type":"post","link":"https:\/\/radiobitacora.com.ar\/web\/2025\/09\/21\/la-foto-que-publico-flavio-briatore-con-franco-colapinto-que-desperto-varias-teorias-sobre-su-futuro-en-la-f1\/","title":{"rendered":"LA FOTO QUE PUBLIC\u00d3 FLAVIO BRIATORE CON FRANCO COLAPINTO QUE DESPERT\u00d3 VARIAS TEOR\u00cdAS SOBRE SU FUTURO EN LA F1"},"content":{"rendered":"<div class=\"article__header article__story article__article\">\n<div class=\"article__head\">\n<div class=\"article__headline-byline-container\">\n<div id=\"StaticHeadlines\">\n<div data-testid=\"headlines\">\n<h2 class=\"article__dropline font__body\">La imagen fue posteada horas antes del inicio del Gran Premio de Azerbaiy\u00e1n y fue comentada entre los fan\u00e1ticos en las redes sociales.<\/h2>\n<\/div>\n<\/div>\n<div class=\"article__byline\" data-testid=\"byline\"><\/div>\n<\/div>\n<div class=\"article__audionote-share\">\n<div class=\"trinity__audio-wrapper\"><\/div>\n<\/div>\n<div class=\"trinity-tts-placeholder-icon-player\"><\/div>\n<\/div>\n<\/div>\n<div class=\"default-article-color article__body article__article\">\n<p class=\"left paragraph font__body-regular\">El\u00a0<a title=\"https:\/\/tn.com.ar\/deportes\/automovilismo\/2025\/09\/20\/colapinto-sale-por-delante-de-gasly-y-va-en-busca-de-repetir-su-hazana-en-el-gp-de-azerbaiyan\/\" href=\"https:\/\/tn.com.ar\/deportes\/automovilismo\/2025\/09\/20\/colapinto-sale-por-delante-de-gasly-y-va-en-busca-de-repetir-su-hazana-en-el-gp-de-azerbaiyan\/\" target=\"_blank\" rel=\"noopener noreferrer\"><b>Gran Premio de Azerbaiy\u00e1n<\/b><\/a><b>\u00a0<\/b>de la F\u00f3rmula 1 no fue f\u00e1cil para\u00a0<a title=\"https:\/\/tn.com.ar\/deportes\/automovilismo\/2025\/09\/21\/colapinto-lamento-el-incidente-con-albon-que-lo-relego-al-ultimo-lugar-en-el-gp-de-azerbaiyan-perdi-todo\/\" href=\"https:\/\/tn.com.ar\/deportes\/automovilismo\/2025\/09\/21\/colapinto-lamento-el-incidente-con-albon-que-lo-relego-al-ultimo-lugar-en-el-gp-de-azerbaiyan-perdi-todo\/\" target=\"_blank\" rel=\"noopener noreferrer\"><b>Franco Colapinto<\/b><\/a>. El piloto argentino se estrell\u00f3 en la jornada de clasificaci\u00f3n y sufri\u00f3 un choque en la carrera principal, pero demostr\u00f3\u00a0<b>estar mejorando cada vez m\u00e1s su ritmo de competencia<\/b>\u00a0en un momento clave de la temporada, donde los directivos de Alpine deben elegir al segundo corredor del equipo para 2026.<\/p>\n<div id=\"ad-slot-infeed\" class=\"infeed-container\" data-google-query-id=\"CMbsl-D96o8DFc1K3QIdT_0zQg\"><\/div>\n<p class=\"left paragraph font__body-regular\"><i><b>Le\u00e9 tambi\u00e9n:\u00a0<\/b><\/i><a title=\"https:\/\/tn.com.ar\/deportes\/automovilismo\/2025\/09\/21\/colapinto-lamento-el-incidente-con-albon-que-lo-relego-al-ultimo-lugar-en-el-gp-de-azerbaiyan-perdi-todo\/\" href=\"https:\/\/tn.com.ar\/deportes\/automovilismo\/2025\/09\/21\/colapinto-lamento-el-incidente-con-albon-que-lo-relego-al-ultimo-lugar-en-el-gp-de-azerbaiyan-perdi-todo\/\" rel=\"\"><b>Colapinto lament\u00f3 el incidente con Albon que lo releg\u00f3 al \u00faltimo lugar en el GP de Azerbaiy\u00e1n: \u201cPerd\u00ed todo\u201d<\/b><\/a><\/p>\n<p class=\"left paragraph font__body-regular\">Horas antes del evento del domingo,\u00a0<b>Flavio Briatore public\u00f3 una imagen enigm\u00e1tica\u00a0<\/b>junto al bonaerense de 22 a\u00f1os. Ambos est\u00e1n en una sala privada junto a dos integrantes de alto rango en la escuder\u00eda, aparentemente en una reuni\u00f3n previa a la carrera.<\/p>\n<p class=\"left paragraph font__body-regular\">Una simple foto puede decir mucho. As\u00ed lo interpretaron los fan\u00e1ticos de Franco, que\u00a0<b>lanzaron sus propias teor\u00edas<\/b>\u00a0en las redes sociales mientras se espera que Colapinto sea confirmado como titular para acompa\u00f1ar a Gasly en la pr\u00f3xima temporada con Alpine.<\/p>\n<h2 class=\"font--primary font__display\"><\/h2>\n<figure class=\"\" data-testid=\"figure-testid\">\n<div class=\"aspect_ratio__container\"><picture class=\"responsive-image\"><source srcset=\"https:\/\/tn.com.ar\/resizer\/v2\/la-reaccion-en-las-redes-sociales-a-la-foto-que-posteo-briatore-foto-captura-x-7FGVFCOHLJDQ5C7R5SYRNVOHHY.png?auth=c885db04ca0706eb4f369989210531e35597b3fbc64b55002975a3245d8a9656&amp;width=767\" type=\"image\/jpg\" media=\"(max-width: 728px)\" \/><source srcset=\"https:\/\/tn.com.ar\/resizer\/v2\/la-reaccion-en-las-redes-sociales-a-la-foto-que-posteo-briatore-foto-captura-x-7FGVFCOHLJDQ5C7R5SYRNVOHHY.png?auth=c885db04ca0706eb4f369989210531e35597b3fbc64b55002975a3245d8a9656&amp;width=1023\" type=\"image\/jpg\" media=\"(max-width: 1023px)\" \/><source srcset=\"https:\/\/tn.com.ar\/resizer\/v2\/la-reaccion-en-las-redes-sociales-a-la-foto-que-posteo-briatore-foto-captura-x-7FGVFCOHLJDQ5C7R5SYRNVOHHY.png?auth=c885db04ca0706eb4f369989210531e35597b3fbc64b55002975a3245d8a9656&amp;width=1440\" type=\"image\/jpg\" \/><img loading=\"lazy\" decoding=\"async\" class=\"image content-image image_placeholder\" src=\"https:\/\/tn.com.ar\/resizer\/v2\/la-reaccion-en-las-redes-sociales-a-la-foto-que-posteo-briatore-foto-captura-x-7FGVFCOHLJDQ5C7R5SYRNVOHHY.png?auth=c885db04ca0706eb4f369989210531e35597b3fbc64b55002975a3245d8a9656&amp;width=767\" alt=\"La reacci\u00f3n en las redes sociales a la foto que poste\u00f3 Briatore. (Foto: Captura X)\" width=\"767\" height=\"743\" data-testid=\"loading-testid\" \/><\/picture><\/div><figcaption class=\"caption_image\" data-testid=\"figcaption-testid\">\n<div class=\"image_caption \">La reacci\u00f3n en las redes sociales a la foto que poste\u00f3 Briatore. (Foto: Captura X)<\/div>\n<\/figcaption><\/figure>\n<figure class=\"\" data-testid=\"figure-testid\">\n<div class=\"aspect_ratio__container\"><picture class=\"responsive-image\"><source srcset=\"https:\/\/tn.com.ar\/resizer\/v2\/la-reaccion-en-las-redes-sociales-a-la-foto-que-posteo-briatore-foto-captura-x-VVKWDKDHZ5AKXEFPAS2F573WSI.png?auth=0edb44b7bb0cbf2ccc9500d6339a48a26f19a59f84e13aaed0495bfa250442ff&amp;width=767\" type=\"image\/jpg\" media=\"(max-width: 728px)\" \/><source srcset=\"https:\/\/tn.com.ar\/resizer\/v2\/la-reaccion-en-las-redes-sociales-a-la-foto-que-posteo-briatore-foto-captura-x-VVKWDKDHZ5AKXEFPAS2F573WSI.png?auth=0edb44b7bb0cbf2ccc9500d6339a48a26f19a59f84e13aaed0495bfa250442ff&amp;width=1023\" type=\"image\/jpg\" media=\"(max-width: 1023px)\" \/><source srcset=\"https:\/\/tn.com.ar\/resizer\/v2\/la-reaccion-en-las-redes-sociales-a-la-foto-que-posteo-briatore-foto-captura-x-VVKWDKDHZ5AKXEFPAS2F573WSI.png?auth=0edb44b7bb0cbf2ccc9500d6339a48a26f19a59f84e13aaed0495bfa250442ff&amp;width=1440\" type=\"image\/jpg\" \/><img loading=\"lazy\" decoding=\"async\" class=\"image content-image image_placeholder\" src=\"https:\/\/tn.com.ar\/resizer\/v2\/la-reaccion-en-las-redes-sociales-a-la-foto-que-posteo-briatore-foto-captura-x-VVKWDKDHZ5AKXEFPAS2F573WSI.png?auth=0edb44b7bb0cbf2ccc9500d6339a48a26f19a59f84e13aaed0495bfa250442ff&amp;width=767\" alt=\"La reacci\u00f3n en las redes sociales a la foto que poste\u00f3 Briatore. (Foto: Captura X)\" width=\"767\" height=\"627\" data-testid=\"loading-testid\" \/><\/picture><\/div><figcaption class=\"caption_image\" data-testid=\"figcaption-testid\">\n<div class=\"image_caption \">La reacci\u00f3n en las redes sociales a la foto que poste\u00f3 Briatore. (Foto: Captura X)<\/div>\n<\/figcaption><\/figure>\n<figure class=\"\" data-testid=\"figure-testid\">\n<div class=\"aspect_ratio__container\"><picture class=\"responsive-image\"><source srcset=\"https:\/\/tn.com.ar\/resizer\/v2\/la-reaccion-en-las-redes-sociales-a-la-foto-que-posteo-briatore-foto-captura-x-NIN2NINXCJFYLDMCCUFIFACV6U.png?auth=1dff632e1982a5f015fd831290f59f7a7e7cee8e704e64f948d85b1a8f51c3b6&amp;width=767\" type=\"image\/jpg\" media=\"(max-width: 728px)\" \/><source srcset=\"https:\/\/tn.com.ar\/resizer\/v2\/la-reaccion-en-las-redes-sociales-a-la-foto-que-posteo-briatore-foto-captura-x-NIN2NINXCJFYLDMCCUFIFACV6U.png?auth=1dff632e1982a5f015fd831290f59f7a7e7cee8e704e64f948d85b1a8f51c3b6&amp;width=1023\" type=\"image\/jpg\" media=\"(max-width: 1023px)\" \/><source srcset=\"https:\/\/tn.com.ar\/resizer\/v2\/la-reaccion-en-las-redes-sociales-a-la-foto-que-posteo-briatore-foto-captura-x-NIN2NINXCJFYLDMCCUFIFACV6U.png?auth=1dff632e1982a5f015fd831290f59f7a7e7cee8e704e64f948d85b1a8f51c3b6&amp;width=1440\" type=\"image\/jpg\" \/><img loading=\"lazy\" decoding=\"async\" class=\"image content-image image_placeholder\" src=\"https:\/\/tn.com.ar\/resizer\/v2\/la-reaccion-en-las-redes-sociales-a-la-foto-que-posteo-briatore-foto-captura-x-NIN2NINXCJFYLDMCCUFIFACV6U.png?auth=1dff632e1982a5f015fd831290f59f7a7e7cee8e704e64f948d85b1a8f51c3b6&amp;width=767\" alt=\"La reacci\u00f3n en las redes sociales a la foto que poste\u00f3 Briatore. (Foto: Captura X)\" width=\"767\" height=\"882\" data-testid=\"loading-testid\" \/><\/picture><\/div><figcaption class=\"caption_image\" data-testid=\"figcaption-testid\">\n<div class=\"image_caption \">La reacci\u00f3n en las redes sociales a la foto que poste\u00f3 Briatore. (Foto: Captura X)<\/div>\n<\/figcaption><\/figure>\n<figure class=\"\" data-testid=\"figure-testid\">\n<div class=\"aspect_ratio__container\"><picture class=\"responsive-image\"><source srcset=\"https:\/\/tn.com.ar\/resizer\/v2\/la-reaccion-en-las-redes-sociales-a-la-foto-que-posteo-briatore-foto-captura-x-JVQNZF7E5VGCPH7NAQRNCCNURE.png?auth=5645d8c7072fdaaa8855d6a437cb354a9a4c55d37f91d9e151245fce5e97870d&amp;width=767\" type=\"image\/jpg\" media=\"(max-width: 728px)\" \/><source srcset=\"https:\/\/tn.com.ar\/resizer\/v2\/la-reaccion-en-las-redes-sociales-a-la-foto-que-posteo-briatore-foto-captura-x-JVQNZF7E5VGCPH7NAQRNCCNURE.png?auth=5645d8c7072fdaaa8855d6a437cb354a9a4c55d37f91d9e151245fce5e97870d&amp;width=1023\" type=\"image\/jpg\" media=\"(max-width: 1023px)\" \/><source srcset=\"https:\/\/tn.com.ar\/resizer\/v2\/la-reaccion-en-las-redes-sociales-a-la-foto-que-posteo-briatore-foto-captura-x-JVQNZF7E5VGCPH7NAQRNCCNURE.png?auth=5645d8c7072fdaaa8855d6a437cb354a9a4c55d37f91d9e151245fce5e97870d&amp;width=1440\" type=\"image\/jpg\" \/><img loading=\"lazy\" decoding=\"async\" class=\"image content-image image_placeholder\" src=\"https:\/\/tn.com.ar\/resizer\/v2\/la-reaccion-en-las-redes-sociales-a-la-foto-que-posteo-briatore-foto-captura-x-JVQNZF7E5VGCPH7NAQRNCCNURE.png?auth=5645d8c7072fdaaa8855d6a437cb354a9a4c55d37f91d9e151245fce5e97870d&amp;width=767\" alt=\"La reacci\u00f3n en las redes sociales a la foto que poste\u00f3 Briatore. (Foto: Captura X)\" width=\"767\" height=\"745\" data-testid=\"loading-testid\" \/><\/picture><\/div><figcaption class=\"caption_image\" data-testid=\"figcaption-testid\">\n<div class=\"image_caption \">La reacci\u00f3n en las redes sociales a la foto que poste\u00f3 Briatore. (Foto: Captura X)<\/div>\n<\/figcaption><\/figure>\n<figure class=\"\" data-testid=\"figure-testid\">\n<div class=\"aspect_ratio__container\"><picture class=\"responsive-image\"><source srcset=\"https:\/\/tn.com.ar\/resizer\/v2\/la-reaccion-en-las-redes-sociales-a-la-foto-que-posteo-briatore-foto-captura-x-HNJLWBRP2JGZDN4J32CCB6HLEQ.png?auth=621ae24f407307419d4bba7f7098d2cc5888a97e6e1d1b92a69adc8b0d3526d7&amp;width=767\" type=\"image\/jpg\" media=\"(max-width: 728px)\" \/><source srcset=\"https:\/\/tn.com.ar\/resizer\/v2\/la-reaccion-en-las-redes-sociales-a-la-foto-que-posteo-briatore-foto-captura-x-HNJLWBRP2JGZDN4J32CCB6HLEQ.png?auth=621ae24f407307419d4bba7f7098d2cc5888a97e6e1d1b92a69adc8b0d3526d7&amp;width=1023\" type=\"image\/jpg\" media=\"(max-width: 1023px)\" \/><source srcset=\"https:\/\/tn.com.ar\/resizer\/v2\/la-reaccion-en-las-redes-sociales-a-la-foto-que-posteo-briatore-foto-captura-x-HNJLWBRP2JGZDN4J32CCB6HLEQ.png?auth=621ae24f407307419d4bba7f7098d2cc5888a97e6e1d1b92a69adc8b0d3526d7&amp;width=1440\" type=\"image\/jpg\" \/><img loading=\"lazy\" decoding=\"async\" class=\"image content-image image_placeholder\" src=\"https:\/\/tn.com.ar\/resizer\/v2\/la-reaccion-en-las-redes-sociales-a-la-foto-que-posteo-briatore-foto-captura-x-HNJLWBRP2JGZDN4J32CCB6HLEQ.png?auth=621ae24f407307419d4bba7f7098d2cc5888a97e6e1d1b92a69adc8b0d3526d7&amp;width=767\" alt=\"La reacci\u00f3n en las redes sociales a la foto que poste\u00f3 Briatore. (Foto: Captura X)\" width=\"767\" height=\"1024\" data-testid=\"loading-testid\" \/><\/picture><\/div><figcaption class=\"caption_image\" data-testid=\"figcaption-testid\">\n<div class=\"image_caption \">La reacci\u00f3n en las redes sociales a la foto que poste\u00f3 Briatore. (Foto: Captura X)<\/div>\n<\/figcaption><\/figure>\n<p class=\"left paragraph font__body-regular\">La incertidumbre en Alpine para definir al piloto que se quedar\u00e1 con el segundo asiento de la escuder\u00eda francesa en el 2026 es muy grande. Aunque Franco Colapinto se perfila como el m\u00e1ximo favorito,\u00a0<b>Flavio Briatore<\/b>\u00a0lanz\u00f3 una fuerte declaraci\u00f3n y revolucion\u00f3 a los fan\u00e1ticos.<\/p>\n<p class=\"left paragraph font__body-regular\"><b>\u201cEs entre Franco y Paul Aron\u201d<\/b>, dijo Briatore a The Race en una entrevista exclusiva. \u201cPaul es un tipo muy agradable y tambi\u00e9n un piloto muy r\u00e1pido. Y necesito entender qu\u00e9 es lo mejor para el equipo, \u00bfsabes?\u201d, agreg\u00f3. Se espera un comunicado oficial sobre la decisi\u00f3n de la escuder\u00eda entre octubre y noviembre.<\/p>\n<\/div>\n","protected":false},"excerpt":{"rendered":"<p>La imagen fue posteada horas antes del inicio del Gran Premio de Azerbaiy\u00e1n y fue comentada entre los fan\u00e1ticos en las redes sociales. El\u00a0Gran Premio de Azerbaiy\u00e1n\u00a0de la F\u00f3rmula 1 no fue f\u00e1cil para\u00a0Franco Colapinto. El piloto argentino se estrell\u00f3 en la jornada de clasificaci\u00f3n y sufri\u00f3 un choque en la carrera principal, pero demostr\u00f3\u00a0estar [&hellip;]<\/p>\n","protected":false},"author":2,"featured_media":26367,"comment_status":"closed","ping_status":"closed","sticky":false,"template":"","format":"standard","meta":{"footnotes":""},"categories":[78,1],"tags":[],"class_list":{"0":"post-26366","1":"post","2":"type-post","3":"status-publish","4":"format-standard","5":"has-post-thumbnail","7":"category-deportes","8":"category-sin-categoria"},"_links":{"self":[{"href":"https:\/\/radiobitacora.com.ar\/web\/wp-json\/wp\/v2\/posts\/26366","targetHints":{"allow":["GET"]}}],"collection":[{"href":"https:\/\/radiobitacora.com.ar\/web\/wp-json\/wp\/v2\/posts"}],"about":[{"href":"https:\/\/radiobitacora.com.ar\/web\/wp-json\/wp\/v2\/types\/post"}],"author":[{"embeddable":true,"href":"https:\/\/radiobitacora.com.ar\/web\/wp-json\/wp\/v2\/users\/2"}],"replies":[{"embeddable":true,"href":"https:\/\/radiobitacora.com.ar\/web\/wp-json\/wp\/v2\/comments?post=26366"}],"version-history":[{"count":0,"href":"https:\/\/radiobitacora.com.ar\/web\/wp-json\/wp\/v2\/posts\/26366\/revisions"}],"wp:featuredmedia":[{"embeddable":true,"href":"https:\/\/radiobitacora.com.ar\/web\/wp-json\/wp\/v2\/media\/26367"}],"wp:attachment":[{"href":"https:\/\/radiobitacora.com.ar\/web\/wp-json\/wp\/v2\/media?parent=26366"}],"wp:term":[{"taxonomy":"category","embeddable":true,"href":"https:\/\/radiobitacora.com.ar\/web\/wp-json\/wp\/v2\/categories?post=26366"},{"taxonomy":"post_tag","embeddable":true,"href":"https:\/\/radiobitacora.com.ar\/web\/wp-json\/wp\/v2\/tags?post=26366"}],"curies":[{"name":"wp","href":"https:\/\/api.w.org\/{rel}","templated":true}]}}