{"id":26380,"date":"2025-09-23T09:50:35","date_gmt":"2025-09-23T12:50:35","guid":{"rendered":"https:\/\/radiobitacora.com.ar\/web\/?p=26380"},"modified":"2025-09-23T09:50:35","modified_gmt":"2025-09-23T12:50:35","slug":"policia-detuvo-a-una-persona-que-estuvo-promoviendo-una-rina-en-la-madrugada-del-domingo","status":"publish","type":"post","link":"https:\/\/radiobitacora.com.ar\/web\/2025\/09\/23\/policia-detuvo-a-una-persona-que-estuvo-promoviendo-una-rina-en-la-madrugada-del-domingo\/","title":{"rendered":"POLIC\u00cdA DETUVO A UNA PERSONA QUE ESTUVO PROMOVIENDO UNA RI\u00d1A EN LA MADRUGADA DEL DOMINGO"},"content":{"rendered":"<p style=\"font-weight: 400;\">\n<p style=\"font-weight: 400;\">Efectivos policiales de la Comisar\u00eda 1ra de Goya, detuvieron a una persona que estuvo peleando en inmediaciones de la Calle Corrientes de esta ciudad.<\/p>\n<p style=\"font-weight: 400;\">El hecho tuvo lugar durante la madrugada del domingo, a la salida de un local bailable, una persona se encontraba promoviendo desorden, adem\u00e1s de insultar a los que pasaban.<\/p>\n<p style=\"font-weight: 400;\">Mediante un llamado al 911, se alert\u00f3 a la Comisar\u00eda 1ra la que concurri\u00f3 al lugar, al notar la presencia policial las personas se dieron a la fuga; mediante im\u00e1genes obtenidas de c\u00e1maras de seguridad, se pudo identificar a una persona de apellido Chamorro, mayor de edad, quien fue aprehendido mientras se estaba dando a la fuga del lugar.<\/p>\n<p style=\"font-weight: 400;\">El mismo qued\u00f3 alojado en la Comisar\u00eda Primera, a disposici\u00f3n de las autoridades pertinentes y se contin\u00faa en la b\u00fasqueda de las dem\u00e1s personas que participaron del incidente.<\/p>\n<p style=\"font-weight: 400;\">\n<p style=\"font-weight: 400;\">Direcci\u00f3n de Prensa \u2013 Municipalidad de Goya.<\/p>\n","protected":false},"excerpt":{"rendered":"<p>Efectivos policiales de la Comisar\u00eda 1ra de Goya, detuvieron a una persona que estuvo peleando en inmediaciones de la Calle Corrientes de esta ciudad. El hecho tuvo lugar durante la madrugada del domingo, a la salida de un local bailable, una persona se encontraba promoviendo desorden, adem\u00e1s de insultar a los que pasaban. Mediante un [&hellip;]<\/p>\n","protected":false},"author":2,"featured_media":26381,"comment_status":"closed","ping_status":"closed","sticky":false,"template":"","format":"standard","meta":{"footnotes":""},"categories":[56],"tags":[],"class_list":{"0":"post-26380","1":"post","2":"type-post","3":"status-publish","4":"format-standard","5":"has-post-thumbnail","7":"category-locales"},"_links":{"self":[{"href":"https:\/\/radiobitacora.com.ar\/web\/wp-json\/wp\/v2\/posts\/26380","targetHints":{"allow":["GET"]}}],"collection":[{"href":"https:\/\/radiobitacora.com.ar\/web\/wp-json\/wp\/v2\/posts"}],"about":[{"href":"https:\/\/radiobitacora.com.ar\/web\/wp-json\/wp\/v2\/types\/post"}],"author":[{"embeddable":true,"href":"https:\/\/radiobitacora.com.ar\/web\/wp-json\/wp\/v2\/users\/2"}],"replies":[{"embeddable":true,"href":"https:\/\/radiobitacora.com.ar\/web\/wp-json\/wp\/v2\/comments?post=26380"}],"version-history":[{"count":0,"href":"https:\/\/radiobitacora.com.ar\/web\/wp-json\/wp\/v2\/posts\/26380\/revisions"}],"wp:featuredmedia":[{"embeddable":true,"href":"https:\/\/radiobitacora.com.ar\/web\/wp-json\/wp\/v2\/media\/26381"}],"wp:attachment":[{"href":"https:\/\/radiobitacora.com.ar\/web\/wp-json\/wp\/v2\/media?parent=26380"}],"wp:term":[{"taxonomy":"category","embeddable":true,"href":"https:\/\/radiobitacora.com.ar\/web\/wp-json\/wp\/v2\/categories?post=26380"},{"taxonomy":"post_tag","embeddable":true,"href":"https:\/\/radiobitacora.com.ar\/web\/wp-json\/wp\/v2\/tags?post=26380"}],"curies":[{"name":"wp","href":"https:\/\/api.w.org\/{rel}","templated":true}]}}