{"id":26391,"date":"2025-09-23T09:58:44","date_gmt":"2025-09-23T12:58:44","guid":{"rendered":"https:\/\/radiobitacora.com.ar\/web\/?p=26391"},"modified":"2025-09-23T09:58:44","modified_gmt":"2025-09-23T12:58:44","slug":"apoyados-al-100-por-el-gobierno-provincial-deportistas-correntinos-aprontan-suenos-para-los-nacionales-evita","status":"publish","type":"post","link":"https:\/\/radiobitacora.com.ar\/web\/2025\/09\/23\/apoyados-al-100-por-el-gobierno-provincial-deportistas-correntinos-aprontan-suenos-para-los-nacionales-evita\/","title":{"rendered":"APOYADOS AL 100 % POR EL GOBIERNO PROVINCIAL, DEPORTISTAS CORRENTINOS APRONTAN SUE\u00d1OS PARA LOS NACIONALES EVITA"},"content":{"rendered":"<p style=\"font-weight: 400;\">Rumbo a Mar del Plata:<\/p>\n<p style=\"font-weight: 400;\">\n<p style=\"font-weight: 400;\">Con las disciplinas de instancia provincial ya definidos y la clasificaci\u00f3n de equipos locales de los municipios del interior de Corrientes y capital, este lunes, el Secretario de Deportes de la Provincia, Jorge Terrile asegur\u00f3 el viaje de la delegaci\u00f3n correntina hacia los juegos Evita de Mar del Plata que inicia el 29 de septiembre.<\/p>\n<p style=\"font-weight: 400;\">La delegaci\u00f3n correntina en La Feliz estar\u00e1 compuesta por aquellos deportistas que lograron clasificar luego de haber participado en cada una de las instancias de los Juegos Correntinos 2025.<\/p>\n<p style=\"font-weight: 400;\">El contingente alcanzar\u00e1 el n\u00famero de 375 personas en total, de los cuales 330 son deportistas en 33 disciplinas deportivas de las 36 programadas por la organizaci\u00f3n. Son transportados en 8 colectivos solventados \u201ccon el 100% de recursos de los correntinos, con una firme decisi\u00f3n del gobernador Gustavo Vald\u00e9s de acompa\u00f1ar la participaci\u00f3n provincial. El d\u00eda domingo 28, sale una delegaci\u00f3n de 370 personas de las cuales 330 son deportistas, van a iniciar el d\u00eda lunes las instancias nacionales de los Juegos Evita con el acto inaugural, el martes comienzan las competencias\u201d resumi\u00f3 Terrile.<\/p>\n<p style=\"font-weight: 400;\">La participaci\u00f3n incluye viaje ida y vuelta, pensi\u00f3n completa en hotel y alimentaci\u00f3n para 6 d\u00edas.<\/p>\n<p style=\"font-weight: 400;\">DESFINANCIACI\u00d3N<\/p>\n<p style=\"font-weight: 400;\">Por segundo a\u00f1o consecutivo los juegos sociales se ver\u00e1n afectados debido al alto recorte en el gobierno nacional. Est\u00e1 edici\u00f3n ser\u00e1 nuevamente marcada con ausencias y poca ayuda a las delegaciones.<\/p>\n<p style=\"font-weight: 400;\">Terrile critic\u00f3 la decisi\u00f3n del gobierno nacional, que el a\u00f1o pasado tom\u00f3 la medida de restar financiamiento a los Juegos Evita, dejando a las provincias el sostenimiento total del viaje de los deportistas, que hizo disminuir m\u00e1s de la mitad pr\u00e1cticamente a las delegaciones, este a\u00f1o lamentablemente no cambi\u00f3 mucho.<\/p>\n<p style=\"font-weight: 400;\">\u201cLos Juegos Evita son las competencias m\u00e1s inclusivas que tiene Sudam\u00e9rica hace much\u00edsimos a\u00f1os, ha sufrido recortes, recordemos que a\u00f1os atr\u00e1s nosotros llev\u00e1bamos una delegaci\u00f3n de 1.000 deportistas. Nosotros no estamos de acuerdo de que los recortes pasen por los deportistas, ni por las disciplinas que se practican, ni en las edades que se practican, pero bueno, hay que adaptarse a las nuevas reglas de juego y con el aporte del 100 % del gobierno de la provincia de Corrientes\u201d dijo.<\/p>\n<p style=\"font-weight: 400;\">BRENDA INSAURRALDE<\/p>\n<p style=\"font-weight: 400;\">Es bueno recalcar entre tanta crisis e inconvenientes que el gobierno de Corrientes no desampara a sus deportistas y acompa\u00f1a las diferentes disciplinas e instancias. En este punto fue indagado sobre la participaci\u00f3n de la atleta Brenda Insaurralde en la cita mundialista en Espa\u00f1a.<\/p>\n<p style=\"font-weight: 400;\">La adolescente goyana arrib\u00f3 con una semana de anticipaci\u00f3n al pa\u00eds ib\u00e9rico, donde competir\u00e1 el 28 de septiembre en el Mundial de Trail y Monta\u00f1a en Canfranc.<\/p>\n<p style=\"font-weight: 400;\">\u201cGoya siempre ha dado muy buenos deportistas, en este caso es Brenda la que nos est\u00e1 representando en Espa\u00f1a y es as\u00ed que hemos colaborado con ellos a trav\u00e9s de Loter\u00eda Correntina\u201d dijo.<\/p>\n<p style=\"font-weight: 400;\">Cabe se\u00f1alar que la joven no solo representar\u00e1 a nuestra provincia sino al pa\u00eds, ya fue convocada para formar parte del seleccionado argentino que competir\u00e1 en el Mundial de Trail y Monta\u00f1a<\/p>\n<p style=\"font-weight: 400;\">\u00a0NICO ALMADA<\/p>\n<p style=\"font-weight: 400;\">Otra de las promesas que son sponsoreados por el gobierno provincial es el caso del joven goyano Nicol\u00e1s Almada, quien es considerado una de las grandes promesas del ciclismo argentino. Con una trayectoria impresionante pese a su corta edad, ha sido m\u00faltiple campe\u00f3n argentino en su categor\u00eda, tanto en rutas como en pista, destac\u00e1ndose por su constancia y t\u00e9cnica. A pesar de su juventud, Nico ha demostrado una madurez excepcional para afrontar desaf\u00edos internacionales, lo que le ha valido el reconocimiento tanto de sus compa\u00f1eros como de sus entrenadores.<\/p>\n<p style=\"font-weight: 400;\">\u201cNico es un orgullo para Goya y para los correntinos, est\u00e1 en Espa\u00f1a, ha sido varias veces medalla de oro en estos juegos nacionales que ahora vamos a participar, Goya lleva tambi\u00e9n sus representantes en ciclismo en box, canotaje y tiro, seguramente Goya va a poder traer alguna medalla de Mar del Plata en alguna disciplina\u201d<\/p>\n<p style=\"font-weight: 400;\">PARTICIPACI\u00d3N EN LOS JADAR<\/p>\n<p style=\"font-weight: 400;\">D\u00edas atr\u00e1s, la Escuela Municipal de Canotaje fue parte de la convocatoria santafesina para participar de la primera edici\u00f3n de los Juegos Argentinos de Alto Rendimiento (JADAR), disputados en la ciudad de Rosario. Goya marc\u00f3 una actuaci\u00f3n hist\u00f3rica en K2 que consolida al deporte n\u00e1utico de alto rendimiento como referente a nivel regional. Los deportistas agradecieron las pol\u00edticas deportivas de provincia y municipio, quienes posibilitaron el viaje a trav\u00e9s de sus respectivos aportes oficiales.<\/p>\n<p style=\"font-weight: 400;\">\u201cEl Gobierno de la Provincia de Corrientes puso a disposici\u00f3n el traslado hacia las ciudades de Santa Fe y la indumentaria deportiva \u2013dijo- hemos ido y hemos tenido excelentes resultados en levantamiento ol\u00edmpico de pesas y equitaci\u00f3n\u201d.<\/p>\n<p style=\"font-weight: 400;\">INFRAESTRUCTURA DEPORTIVA<\/p>\n<p style=\"font-weight: 400;\">La infraestructura deportiva es una inversi\u00f3n integral para el progreso. Inauguraci\u00f3n de polideportivos municipales en el interior de la provincia. Nuevos espacios con playones cubiertos y \u00e1reas recreativas dise\u00f1ados como puntos de encuentro para ni\u00f1as, ni\u00f1os, j\u00f3venes y familias. La puesta de nuevas luminarias y sistemas lum\u00ednicos completos en canchas de f\u00fatbol dan muestra de estas decisiones pol\u00edticas respecto al deporte.<\/p>\n<p style=\"font-weight: 400;\">Estas intervenciones forman parte del plan integral del Gobierno de Corrientes para acompa\u00f1ar a los municipios con obras concretas, inclusi\u00f3n y oportunidades. Con cada nueva obra, se reafirma el compromiso con el progreso, la igualdad y el bienestar f\u00edsico.<\/p>\n<p style=\"font-weight: 400;\">\u201cSin dudas la inversi\u00f3n en infraestructura deportiva es muy importante porque el mejoramiento de las condiciones de la pr\u00e1ctica hace que mejore el deporte. Es la herramienta que le estamos dando a la sociedad para que la gente se incentive para practicar alg\u00fan deporte\u201d reiter\u00f3.<\/p>\n<p style=\"font-weight: 400;\">\u201cSin dudas se demuestra con hechos lo que el gobernador (Vald\u00e9s) dice: para el gobierno de la provincia de Corrientes el deporte es una pol\u00edtica de Estado\u201d.<\/p>\n<p style=\"font-weight: 400;\">CERRAMIENTO CANCHA DE BASQUET CENTRAL GOYA<\/p>\n<p style=\"font-weight: 400;\">En la parte final, el profe Terrile realiz\u00f3 un an\u00e1lisis de la voluntad de la gesti\u00f3n Vald\u00e9s de que el Club Atl\u00e9tico Central Goya, emblema del sur de la ciudad, que est\u00e1 a punto de concretar uno de sus sue\u00f1os m\u00e1s grandes: el cerramiento de la cancha de b\u00e1squet, transform\u00e1ndola en un espacio para m\u00faltiples actividades, \u00a0que no solo ampliar\u00e1 la infraestructura deportiva, sino que tambi\u00e9n fortalecer\u00e1 la funci\u00f3n social de la instituci\u00f3n.<\/p>\n<p style=\"font-weight: 400;\">Se trata de un anhelo que se remonta a d\u00e9cadas atr\u00e1s y que, con distintas comisiones directivas, se mantuvo como una bandera de lucha. Hoy, bajo la conducci\u00f3n del Dr. Juan Antonio Soto, comienza a convertirse en realidad gracias al respaldo del Gobierno Provincial y a la perseverancia de la actual dirigencia.<\/p>\n<p style=\"font-weight: 400;\">\u201cYa estamos trabajando, ya est\u00e1 el proyecto ejecutivo, se ha hablado con la empresa que ha hecho el proyecto, es un proyecto ambicioso para que Central vuelva a tener el b\u00e1squet que ha tenido en su momento, sin dudas m\u00e1s ante que tarde eso va a ser algo hermoso que va a disfrutar toda la gente de Central y de Goya\u201d.<\/p>\n<p style=\"font-weight: 400;\">\n<p style=\"font-weight: 400;\">ACOMPA\u00d1AMIENTO DE TERRILE<\/p>\n<p style=\"font-weight: 400;\">En esta edici\u00f3n, los Juegos Deportivos Nacionales Evita contar\u00e1n con la participaci\u00f3n de 8600 j\u00f3venes de todo el pa\u00eds, que participar\u00e1n en 6 grandes sedes y 26 instituciones que acompa\u00f1ar\u00e1n como desde hace tantos a\u00f1os el desarrollo de la competencia juvenil m\u00e1s federal del pa\u00eds.<\/p>\n<p style=\"font-weight: 400;\">En este punto, el funcionario asegur\u00f3 que ser\u00e1 parte de la comitiva como todos los a\u00f1os acompa\u00f1ando a los deportistas para que se alojen en tiempo y forma en sus respectivos hoteles para iniciar las competencias descansadas.<\/p>\n<p style=\"font-weight: 400;\">\u201cAs\u00ed, el lunes cuando llegan los chicos pueden dirigirse cada uno a sus habitaciones y estar preparados para el acto inaugural que es en horas de la tarde\u201d cerr\u00f3.<\/p>\n<p style=\"font-weight: 400;\">\n<p style=\"font-weight: 400;\">\n<p style=\"font-weight: 400;\">Direcci\u00f3n de Prensa \u2013 Municipalidad de Goya.<\/p>\n","protected":false},"excerpt":{"rendered":"<p>Rumbo a Mar del Plata: Con las disciplinas de instancia provincial ya definidos y la clasificaci\u00f3n de equipos locales de los municipios del interior de Corrientes y capital, este lunes, el Secretario de Deportes de la Provincia, Jorge Terrile asegur\u00f3 el viaje de la delegaci\u00f3n correntina hacia los juegos Evita de Mar del Plata que [&hellip;]<\/p>\n","protected":false},"author":2,"featured_media":26392,"comment_status":"closed","ping_status":"closed","sticky":false,"template":"","format":"standard","meta":{"footnotes":""},"categories":[56],"tags":[],"class_list":{"0":"post-26391","1":"post","2":"type-post","3":"status-publish","4":"format-standard","5":"has-post-thumbnail","7":"category-locales"},"_links":{"self":[{"href":"https:\/\/radiobitacora.com.ar\/web\/wp-json\/wp\/v2\/posts\/26391","targetHints":{"allow":["GET"]}}],"collection":[{"href":"https:\/\/radiobitacora.com.ar\/web\/wp-json\/wp\/v2\/posts"}],"about":[{"href":"https:\/\/radiobitacora.com.ar\/web\/wp-json\/wp\/v2\/types\/post"}],"author":[{"embeddable":true,"href":"https:\/\/radiobitacora.com.ar\/web\/wp-json\/wp\/v2\/users\/2"}],"replies":[{"embeddable":true,"href":"https:\/\/radiobitacora.com.ar\/web\/wp-json\/wp\/v2\/comments?post=26391"}],"version-history":[{"count":0,"href":"https:\/\/radiobitacora.com.ar\/web\/wp-json\/wp\/v2\/posts\/26391\/revisions"}],"wp:featuredmedia":[{"embeddable":true,"href":"https:\/\/radiobitacora.com.ar\/web\/wp-json\/wp\/v2\/media\/26392"}],"wp:attachment":[{"href":"https:\/\/radiobitacora.com.ar\/web\/wp-json\/wp\/v2\/media?parent=26391"}],"wp:term":[{"taxonomy":"category","embeddable":true,"href":"https:\/\/radiobitacora.com.ar\/web\/wp-json\/wp\/v2\/categories?post=26391"},{"taxonomy":"post_tag","embeddable":true,"href":"https:\/\/radiobitacora.com.ar\/web\/wp-json\/wp\/v2\/tags?post=26391"}],"curies":[{"name":"wp","href":"https:\/\/api.w.org\/{rel}","templated":true}]}}