{"id":26407,"date":"2025-09-24T09:08:59","date_gmt":"2025-09-24T12:08:59","guid":{"rendered":"https:\/\/radiobitacora.com.ar\/web\/?p=26407"},"modified":"2025-09-24T09:08:59","modified_gmt":"2025-09-24T12:08:59","slug":"peluffo-lo-comprometido-es-lo-que-el-intendente-se-comprometio-a-ejecutar-y-eso-es-lo-que-nosotros-estamos-llevando-a-buen-ritmo","status":"publish","type":"post","link":"https:\/\/radiobitacora.com.ar\/web\/2025\/09\/24\/peluffo-lo-comprometido-es-lo-que-el-intendente-se-comprometio-a-ejecutar-y-eso-es-lo-que-nosotros-estamos-llevando-a-buen-ritmo\/","title":{"rendered":"PELUFFO: \u201cLO COMPROMETIDO ES LO QUE EL INTENDENTE SE COMPROMETI\u00d3 A EJECUTAR, Y ESO ES LO QUE NOSOTROS ESTAMOS LLEVANDO A BUEN RITMO\u201d"},"content":{"rendered":"<p style=\"font-weight: 400;\">PELUFFO: \u201cLO COMPROMETIDO ES LO QUE EL INTENDENTE SE COMPROMETI\u00d3 A EJECUTAR, Y ESO ES LO QUE NOSOTROS ESTAMOS LLEVANDO A BUEN RITMO\u201d<\/p>\n<p style=\"font-weight: 400;\">La Municipalidad de Goya, a trav\u00e9s de la Secretar\u00eda de Obras y Servicios P\u00fablicos, contin\u00faa desplegando m\u00faltiples frentes de trabajo en distintos sectores de la ciudad. En una entrevista concedida a Radio Ciudad 88.3, el Secretario Guillermo Peluffo detall\u00f3 el estado de las obras, los desaf\u00edos de la gesti\u00f3n y la importancia de mantener el contacto directo con los vecinos.<\/p>\n<p><img loading=\"lazy\" decoding=\"async\" class=\"aligncenter size-full wp-image-26408\" src=\"https:\/\/radiobitacora.com.ar\/web\/wp-content\/uploads\/2025\/09\/NOTA-PELUFFO-7.jpeg\" alt=\"\" width=\"1600\" height=\"900\" srcset=\"https:\/\/radiobitacora.com.ar\/web\/wp-content\/uploads\/2025\/09\/NOTA-PELUFFO-7.jpeg 1600w, https:\/\/radiobitacora.com.ar\/web\/wp-content\/uploads\/2025\/09\/NOTA-PELUFFO-7-696x392.jpeg 696w, https:\/\/radiobitacora.com.ar\/web\/wp-content\/uploads\/2025\/09\/NOTA-PELUFFO-7-1068x601.jpeg 1068w, https:\/\/radiobitacora.com.ar\/web\/wp-content\/uploads\/2025\/09\/NOTA-PELUFFO-7-747x420.jpeg 747w\" sizes=\"auto, (max-width: 1600px) 100vw, 1600px\" \/> <img loading=\"lazy\" decoding=\"async\" class=\"aligncenter size-full wp-image-26409\" src=\"https:\/\/radiobitacora.com.ar\/web\/wp-content\/uploads\/2025\/09\/NOTA-PELUFFO-4.jpeg\" alt=\"\" width=\"1600\" height=\"900\" srcset=\"https:\/\/radiobitacora.com.ar\/web\/wp-content\/uploads\/2025\/09\/NOTA-PELUFFO-4.jpeg 1600w, https:\/\/radiobitacora.com.ar\/web\/wp-content\/uploads\/2025\/09\/NOTA-PELUFFO-4-696x392.jpeg 696w, https:\/\/radiobitacora.com.ar\/web\/wp-content\/uploads\/2025\/09\/NOTA-PELUFFO-4-1068x601.jpeg 1068w, https:\/\/radiobitacora.com.ar\/web\/wp-content\/uploads\/2025\/09\/NOTA-PELUFFO-4-747x420.jpeg 747w\" sizes=\"auto, (max-width: 1600px) 100vw, 1600px\" \/><\/p>\n<p style=\"font-weight: 400;\">\u201cNosotros no paramos luego de las elecciones\u201d.<\/p>\n<p style=\"font-weight: 400;\">El funcionario inici\u00f3 la charla destacando que, pese al proceso electoral reciente, la din\u00e1mica del trabajo nunca se detuvo: \u201cNosotros no paramos luego de las elecciones, las elecciones para nosotros pasaron a ser historia y continuamos al mismo ritmo que ten\u00edamos previo al acto eleccionario. Siempre con la meta fijada en terminar el 10 de diciembre y con la premisa de cumplir, si no en un 100%, al menos en un 95% de todo lo comprometido\u201d, expres\u00f3.<\/p>\n<p style=\"font-weight: 400;\">En ese marco, diferenci\u00f3 lo proyectado de lo comprometido: \u201cProyecto podemos tener como hacer el Puente Goya-Reconquista, pero no deja de ser un proyecto. Lo comprometido es lo que el intendente se comprometi\u00f3 a ejecutar, y eso es lo que nosotros estamos llevando a buen ritmo\u201d.<\/p>\n<p style=\"font-weight: 400;\">OBRAS CON RECURSOS MUNICIPALES<\/p>\n<p style=\"font-weight: 400;\">Consultado sobre la obra p\u00fablica con fondos propios, explic\u00f3: \u201cEsa cuenta ordenada y bien equilibrada permite seguir los trabajos en la zona de calle Brasil y Pando. Estamos haciendo por administraci\u00f3n, ya terminamos otra cuadra entre Pando y Santa Fe y ahora estamos bajando otra cuadra m\u00e1s entre Santa Fe y Kirchner\u201d.<\/p>\n<p style=\"font-weight: 400;\">La conectividad de Goya pasando la avenida Jos\u00e9 Jacinto Rol\u00f3n es fundamental, porque indudablemente son estas posibilidades de circulaci\u00f3n las que te liberan de la zona de sem\u00e1foros y te ayudan a tener otras v\u00edas de salida.<\/p>\n<p style=\"font-weight: 400;\">La calle Brasil va a ser muy ocupada, N\u00e9stor Kirchner ser\u00eda la continuidad de calle Luis Agote, Pando la continuidad de la arteria San Mart\u00edn, Santa Fe la de Alvear.<\/p>\n<p style=\"font-weight: 400;\">\u201cAs\u00ed es, con esa mirada se est\u00e1 trabajando en calle Brasil; ya estamos a cuatro cuadras y vamos a completar lo comprometido durante esta gesti\u00f3n\u201d, asever\u00f3 Peluffo.<\/p>\n<p style=\"font-weight: 400;\">PROGRAMA \u201cMITA Y MITA\u201d<\/p>\n<p><img loading=\"lazy\" decoding=\"async\" class=\"aligncenter size-full wp-image-26410\" src=\"https:\/\/radiobitacora.com.ar\/web\/wp-content\/uploads\/2025\/09\/NOTA-PELUFFO-5.jpeg\" alt=\"\" width=\"1600\" height=\"900\" srcset=\"https:\/\/radiobitacora.com.ar\/web\/wp-content\/uploads\/2025\/09\/NOTA-PELUFFO-5.jpeg 1600w, https:\/\/radiobitacora.com.ar\/web\/wp-content\/uploads\/2025\/09\/NOTA-PELUFFO-5-696x392.jpeg 696w, https:\/\/radiobitacora.com.ar\/web\/wp-content\/uploads\/2025\/09\/NOTA-PELUFFO-5-1068x601.jpeg 1068w, https:\/\/radiobitacora.com.ar\/web\/wp-content\/uploads\/2025\/09\/NOTA-PELUFFO-5-747x420.jpeg 747w\" sizes=\"auto, (max-width: 1600px) 100vw, 1600px\" \/><\/p>\n<p style=\"font-weight: 400;\">Peluffo resalt\u00f3 la importancia de esta iniciativa conjunta con los vecinos: \u201cNo hay secreto m\u00e1s que levantarse temprano y salir a trabajar todos los d\u00edas, que es lo que hacen las cuadrillas que dependen de la Secretar\u00eda. Como me toca supervisar todas las obras y andar por la calle, uno toma contacto con la gente y el vecino siempre reconoce el compromiso, la seriedad y la correcta ejecuci\u00f3n t\u00e9cnica\u201d.<\/p>\n<p style=\"font-weight: 400;\">Reconoci\u00f3, sin embargo, que no est\u00e1n exentos de dificultades: \u201cPodemos tener errores como cualquier persona o como cualquier empresa, si se quiere, que tambi\u00e9n ocurre. Pero tenemos ese contacto diario con la gente que hace que terminemos siendo conocidos y reconocidos en muchos casos por ciudadanos que tienen la buena voluntad de agradecer, no a m\u00ed en lo personal, sino a la gente que trabaja en la obra, que son muchos y que realmente se sacrifican\u201d.<\/p>\n<p style=\"font-weight: 400;\">El secretario defini\u00f3 al programa como una verdadera muestra de voluntariado: \u201cLo que hace el vecino es un gran voluntariado, probablemente hasta inconsciente. Uno quiere mejorar su cuadra, pero indirectamente est\u00e1 mejorando el barrio y la ciudad. Es un gran voluntariado y nos est\u00e1n ense\u00f1ando que si nos juntamos, mejoramos todos\u201d.<\/p>\n<p style=\"font-weight: 400;\">AVANCES EN LOS BARRIOS<\/p>\n<p style=\"font-weight: 400;\">Peluffo detall\u00f3 cada uno de los frentes de trabajo vinculados al programa: \u201cYa tenemos preparada media cuadra en la calle N\u00e9stor Kirchner entre Jujuy y San Juan, frente a la Laguna Bosco, en el barrio G\u00fcemes. Esa es una de las cuadras en las que estamos trabajando\u201d.<\/p>\n<p style=\"font-weight: 400;\">\u201cOtra cuadra es la calle Neuqu\u00e9n, la que bordea la plaza grande que est\u00e1 dentro del barrio Virgen del Rosario. Ah\u00ed arrancamos con la pavimentaci\u00f3n de la calle Neuqu\u00e9n\u201d.<\/p>\n<p style=\"font-weight: 400;\">\u201cAdem\u00e1s, la calle Jos\u00e9 Mar\u00eda Paz en el barrio Villa Vital, entre Corrientes y Mitre, es el puntapi\u00e9 inicial de varias cuadras proyectadas en ese sector. Yo creo que ser\u00e1 contagioso. Es algo fundamental para todo el vecindario\u201d.<\/p>\n<p style=\"font-weight: 400;\">\u201cTambi\u00e9n tenemos otra m\u00e1s, la calle Chile, pegada a la cancha La Bah\u00eda, entre Piragine y Blas Luccioni. Estamos a 20 metros de terminar, de unir con la calle Luccioni, o sea la cancha de f\u00fatbol estar\u00eda rodeada por pavimento\u201d.<\/p>\n<p style=\"font-weight: 400;\">En referencia a la zona del hospital, dijo: \u201cExactamente, teniendo en cuenta que la San Juan ya est\u00e1 pavimentada desde Santa Fe a Olivera, detr\u00e1s del hospital. Despu\u00e9s tenemos la cortada Figueredo, que tambi\u00e9n est\u00e1 adoquinada, y la calle Gendarmer\u00eda. Siempre marcando entre Jujuy y San Luis, se va pavimentando todo el barrio de a poco, y eso mejora la circulaci\u00f3n evitando el uso y abuso de la avenida Mazzanti\u201d.<\/p>\n<p style=\"font-weight: 400;\">PROYECCI\u00d3N Y CONTINUIDAD<\/p>\n<p style=\"font-weight: 400;\">El funcionario anticip\u00f3 lo que se viene: \u201cTodav\u00eda se est\u00e1 buscando el mecanismo m\u00e1s \u00e1gil y m\u00e1s sencillo para que, cuando arranque el Mita y Mita Tu Vereda, podamos hacerlo con fluidez. Tratamos de molestar lo menos posible a los vecinos, para ejecutar la obra en tiempo y forma. Porque siempre en la obra ocurren cosas: cuando llueve nos retrasamos, pero ni bien podemos, continuamos. En ese rumbo estamos, tratando de ordenarnos bien para que las cosas salgan como corresponde\u201d.<\/p>\n<p style=\"font-weight: 400;\">MEGA COSTANERA<\/p>\n<p style=\"font-weight: 400;\">Respecto de una de las obras m\u00e1s emblem\u00e1ticas en marcha, sostuvo: \u201cEst\u00e1 quedando muy bueno, se est\u00e1 trabajando a destajo. Creo que va a ser una de las grandes obras que dejar\u00e1 esta gesti\u00f3n. Porque hay que decirlo: la decisi\u00f3n fue r\u00e1pida, tomada con firmeza tanto por parte del intendente en su momento, como por el gobernador despu\u00e9s. Para la ciudad es algo muy importante\u201d.<\/p>\n<p style=\"font-weight: 400;\">PLANTA ASFALTICA<\/p>\n<p style=\"font-weight: 400;\">Finalmente, Peluffo dej\u00f3 un mensaje optimista: \u201cSabemos que tenemos otra posibilidad muy grande de avanzar en infraestructura con la planta asf\u00e1ltica situada en Vialidad, que pertenece a la provincia. De ah\u00ed surgir\u00e1n varias cuadras de asfalto en caliente. Vamos a seguir mejorando la ciudad, si Dios quiere\u201d.<\/p>\n<p style=\"font-weight: 400;\">\n<p style=\"font-weight: 400;\">\n<p style=\"font-weight: 400;\">Direcci\u00f3n Prensa \u2013 Municipalidad de Goya.<\/p>\n","protected":false},"excerpt":{"rendered":"<p>PELUFFO: \u201cLO COMPROMETIDO ES LO QUE EL INTENDENTE SE COMPROMETI\u00d3 A EJECUTAR, Y ESO ES LO QUE NOSOTROS ESTAMOS LLEVANDO A BUEN RITMO\u201d La Municipalidad de Goya, a trav\u00e9s de la Secretar\u00eda de Obras y Servicios P\u00fablicos, contin\u00faa desplegando m\u00faltiples frentes de trabajo en distintos sectores de la ciudad. En una entrevista concedida a Radio [&hellip;]<\/p>\n","protected":false},"author":2,"featured_media":26411,"comment_status":"closed","ping_status":"closed","sticky":false,"template":"","format":"standard","meta":{"footnotes":""},"categories":[56],"tags":[],"class_list":{"0":"post-26407","1":"post","2":"type-post","3":"status-publish","4":"format-standard","5":"has-post-thumbnail","7":"category-locales"},"_links":{"self":[{"href":"https:\/\/radiobitacora.com.ar\/web\/wp-json\/wp\/v2\/posts\/26407","targetHints":{"allow":["GET"]}}],"collection":[{"href":"https:\/\/radiobitacora.com.ar\/web\/wp-json\/wp\/v2\/posts"}],"about":[{"href":"https:\/\/radiobitacora.com.ar\/web\/wp-json\/wp\/v2\/types\/post"}],"author":[{"embeddable":true,"href":"https:\/\/radiobitacora.com.ar\/web\/wp-json\/wp\/v2\/users\/2"}],"replies":[{"embeddable":true,"href":"https:\/\/radiobitacora.com.ar\/web\/wp-json\/wp\/v2\/comments?post=26407"}],"version-history":[{"count":0,"href":"https:\/\/radiobitacora.com.ar\/web\/wp-json\/wp\/v2\/posts\/26407\/revisions"}],"wp:featuredmedia":[{"embeddable":true,"href":"https:\/\/radiobitacora.com.ar\/web\/wp-json\/wp\/v2\/media\/26411"}],"wp:attachment":[{"href":"https:\/\/radiobitacora.com.ar\/web\/wp-json\/wp\/v2\/media?parent=26407"}],"wp:term":[{"taxonomy":"category","embeddable":true,"href":"https:\/\/radiobitacora.com.ar\/web\/wp-json\/wp\/v2\/categories?post=26407"},{"taxonomy":"post_tag","embeddable":true,"href":"https:\/\/radiobitacora.com.ar\/web\/wp-json\/wp\/v2\/tags?post=26407"}],"curies":[{"name":"wp","href":"https:\/\/api.w.org\/{rel}","templated":true}]}}