{"id":26432,"date":"2025-09-25T09:03:02","date_gmt":"2025-09-25T12:03:02","guid":{"rendered":"https:\/\/radiobitacora.com.ar\/web\/?p=26432"},"modified":"2025-09-25T09:05:51","modified_gmt":"2025-09-25T12:05:51","slug":"luciano-rolon-mayor-conectividad-es-inclusion-modernizacion-y-participacion-activa-de-los-adultos-mayores","status":"publish","type":"post","link":"https:\/\/radiobitacora.com.ar\/web\/2025\/09\/25\/luciano-rolon-mayor-conectividad-es-inclusion-modernizacion-y-participacion-activa-de-los-adultos-mayores\/","title":{"rendered":"LUCIANO ROL\u00d3N: \u201cMAYOR CONECTIVIDAD ES INCLUSI\u00d3N, MODERNIZACI\u00d3N Y PARTICIPACI\u00d3N ACTIVA DE LOS ADULTOS MAYORES\u201d"},"content":{"rendered":"<p style=\"font-weight: 400;\">En di\u00e1logo con Radio Ciudad 88.3, el secretario de Modernizaci\u00f3n e Innovaci\u00f3n del Municipio de Goya, Luciano Rol\u00f3n, destac\u00f3 el avance del programa \u201cMayor Conectividad\u201d, una iniciativa que busca acercar la tecnolog\u00eda a los adultos mayores, en un trabajo conjunto con la Direcci\u00f3n de Fortalecimiento Familiar y el Instituto Tecnol\u00f3gico Goya (ITG).<\/p>\n<p style=\"font-weight: 400;\">\u201cTotalmente, es el programa Mayor Conectividad, que se hace junto con la Direcci\u00f3n de Fortalecimiento Familiar y ahora se sum\u00f3 el ITG y la idea es ir a centros de jubilados, b\u00e1sicamente ahora estamos en tres centros de jubilados\u201d, explic\u00f3 el funcionario.<\/p>\n<p style=\"font-weight: 400;\">Se trata de la tercera edici\u00f3n del programa. Al respecto, Rol\u00f3n record\u00f3: \u201cYa es la tercera edici\u00f3n del programa, el a\u00f1o pasado nos concentramos b\u00e1sicamente en el manejo del celular, en el manejo de aplicaciones financieras o bancarias, c\u00f3digo QR que en general por ah\u00ed tienen que usar, pago de cuentas en l\u00ednea\u201d.<\/p>\n<p style=\"font-weight: 400;\">Este a\u00f1o, los talleres sumaron nuevos contenidos: \u201cEste a\u00f1o con la colaboraci\u00f3n tambi\u00e9n del ITG estamos ense\u00f1ando lo que es computaci\u00f3n b\u00e1sica de una computadora, de armar una nota, que por ah\u00ed tienen que hacer unas notas, \u201cCanva\u201d nos piden porque por ah\u00ed quieren mandar invitaciones. Y la verdad que es interesante esta colaboraci\u00f3n entre los tres: los que est\u00e1n en contacto con los centros de jubilados, que son los de la Direcci\u00f3n de Fortalecimiento Familiar; el ITG, que provee las computadoras; y nosotros, que proveemos los profesores, para que todas las edades o los diversos niveles etarios accedan a la tecnolog\u00eda\u201d, subray\u00f3.<\/p>\n<p style=\"font-weight: 400;\">El secretario resalt\u00f3 el desaf\u00edo que implica para las personas mayores adentrarse en el mundo digital.<\/p>\n<p style=\"font-weight: 400;\">Decimos que esta nueva generaci\u00f3n ya tiene asimilado e incorporado el proceso digital. En el caso de los adultos mayores hay que incorporar el conocimiento, alfabetizarse digitalmente, desde saber usar una billetera digital o una operaci\u00f3n bancaria, hasta bajar la aplicaci\u00f3n al celular. A partir de all\u00ed se abre la posibilidad, y es bueno sobre todo manejarnos sin el papel, sin el billete, que a veces genera otros peligros.<\/p>\n<p style=\"font-weight: 400;\">\u00a0Pero el programa no es solo capacitaci\u00f3n: \u201cEs un espacio tambi\u00e9n de compartir y de convivencia. La verdad es que todos podemos acceder a la tecnolog\u00eda, pero es cierto que los m\u00e1s grandes tenemos m\u00e1s miedo de romper algo, cosa que no pasa con los chicos. Entonces esta seguridad de estar en un entorno en el que se puede probar, en el que te van guiando, hace que todos puedan acceder y utilizar la tecnolog\u00eda, que cada vez es m\u00e1s f\u00e1cil\u201d, expres\u00f3 Luciano Rol\u00f3n.<\/p>\n<p style=\"font-weight: 400;\">El trabajo es adem\u00e1s personalizado: \u201cEst\u00e1 bueno en estos tres centros que sea cuidado, con profesores que acompa\u00f1an y que los vamos asistiendo en lo que ellos nos piden, por ejemplo lo de Canva, lo del c\u00f3digo QR o hacer una nota, ser\u00eda un poquito a pedido\u201d, a\u00f1adi\u00f3 el funcionario municipal.<\/p>\n<p style=\"font-weight: 400;\">Para Rol\u00f3n, el valor de este tipo de iniciativas trasciende lo t\u00e9cnico: \u201cAc\u00e1 hay un concepto muy fuerte de inclusi\u00f3n y de aprovechamiento del saber. Los adultos mayores deben sentirse integrados y contribuir con todo lo que tienen para participar de la vida social y activa, porque es cierto que ahora la tecnolog\u00eda se usa para todo. Est\u00e1 muy bueno poder estar ah\u00ed asistiendo y ayudando a que den ese paso y est\u00e9n incluidos dentro del sistema\u201d.<\/p>\n<p style=\"font-weight: 400;\">El secretario de Modernizaci\u00f3n e Innovaci\u00f3n se\u00f1al\u00f3 que la clave est\u00e1 en generar espacios de confianza: \u201cPrimero fue lo de utilizar la app, que parec\u00eda un concepto raro, entonces es bueno generar estos espacios para darles las herramientas necesarias. Si te pones a pensar, la tecnolog\u00eda no es solamente para los adultos mayores: con la inteligencia artificial y todo lo que est\u00e1 pasando, la verdad que nos atropella a todos. Y est\u00e1 bueno que los adultos mayores sientan que todos estamos en la misma. En este caso, el acompa\u00f1amiento profesional en un entorno cuidado y compartido es fundamental\u201d.<\/p>\n<p style=\"font-weight: 400;\">Finalmente, Luciano Rol\u00f3n vincul\u00f3 este programa con el trabajo m\u00e1s amplio que impulsa su \u00e1rea. Seguramente tambi\u00e9n viene todo lo que estamos desarrollando desde la Usina del Conocimiento, de generar espacios formativos y acompa\u00f1ar desde otra perspectiva el emprendedurismo, porque la clave hoy para el desarrollo, sobre todo en lo econ\u00f3mico, pasa por emprender.<\/p>\n<p style=\"font-weight: 400;\">Y concluy\u00f3 destacando el valor de la articulaci\u00f3n institucional: \u201cEn este caso en particular de Mayor Conectividad est\u00e1 muy buena la colaboraci\u00f3n entre diferentes \u00e1reas y trabajar sobre la inclusi\u00f3n y la modernizaci\u00f3n. B\u00e1sicamente se est\u00e1n aprovechando y conectando los recursos que tenemos, y eso es muy positivo\u201d.<\/p>\n<p style=\"font-weight: 400;\">Direcci\u00f3n de Prensa \u2013 Municipalidad de Goya.<\/p>\n","protected":false},"excerpt":{"rendered":"<p>En di\u00e1logo con Radio Ciudad 88.3, el secretario de Modernizaci\u00f3n e Innovaci\u00f3n del Municipio de Goya, Luciano Rol\u00f3n, destac\u00f3 el avance del programa \u201cMayor Conectividad\u201d, una iniciativa que busca acercar la tecnolog\u00eda a los adultos mayores, en un trabajo conjunto con la Direcci\u00f3n de Fortalecimiento Familiar y el Instituto Tecnol\u00f3gico Goya (ITG). \u201cTotalmente, es el [&hellip;]<\/p>\n","protected":false},"author":2,"featured_media":26433,"comment_status":"closed","ping_status":"closed","sticky":false,"template":"","format":"standard","meta":{"footnotes":""},"categories":[56],"tags":[],"class_list":{"0":"post-26432","1":"post","2":"type-post","3":"status-publish","4":"format-standard","5":"has-post-thumbnail","7":"category-locales"},"_links":{"self":[{"href":"https:\/\/radiobitacora.com.ar\/web\/wp-json\/wp\/v2\/posts\/26432","targetHints":{"allow":["GET"]}}],"collection":[{"href":"https:\/\/radiobitacora.com.ar\/web\/wp-json\/wp\/v2\/posts"}],"about":[{"href":"https:\/\/radiobitacora.com.ar\/web\/wp-json\/wp\/v2\/types\/post"}],"author":[{"embeddable":true,"href":"https:\/\/radiobitacora.com.ar\/web\/wp-json\/wp\/v2\/users\/2"}],"replies":[{"embeddable":true,"href":"https:\/\/radiobitacora.com.ar\/web\/wp-json\/wp\/v2\/comments?post=26432"}],"version-history":[{"count":0,"href":"https:\/\/radiobitacora.com.ar\/web\/wp-json\/wp\/v2\/posts\/26432\/revisions"}],"wp:featuredmedia":[{"embeddable":true,"href":"https:\/\/radiobitacora.com.ar\/web\/wp-json\/wp\/v2\/media\/26433"}],"wp:attachment":[{"href":"https:\/\/radiobitacora.com.ar\/web\/wp-json\/wp\/v2\/media?parent=26432"}],"wp:term":[{"taxonomy":"category","embeddable":true,"href":"https:\/\/radiobitacora.com.ar\/web\/wp-json\/wp\/v2\/categories?post=26432"},{"taxonomy":"post_tag","embeddable":true,"href":"https:\/\/radiobitacora.com.ar\/web\/wp-json\/wp\/v2\/tags?post=26432"}],"curies":[{"name":"wp","href":"https:\/\/api.w.org\/{rel}","templated":true}]}}