{"id":26442,"date":"2025-09-25T09:12:41","date_gmt":"2025-09-25T12:12:41","guid":{"rendered":"https:\/\/radiobitacora.com.ar\/web\/?p=26442"},"modified":"2025-09-25T09:12:51","modified_gmt":"2025-09-25T12:12:51","slug":"3a-muestra-de-teatro-tomas-mazzantti","status":"publish","type":"post","link":"https:\/\/radiobitacora.com.ar\/web\/2025\/09\/25\/3a-muestra-de-teatro-tomas-mazzantti\/","title":{"rendered":"3\u00aa MUESTRA DE TEATRO \u201cTOMAS MAZZANTTI\u201d"},"content":{"rendered":"<p style=\"font-weight: 400;\">EL INTENDENTE MARIANO HORMAECHEA ACOMPA\u00d1\u00d3 LA APERTURA DE LA MUESTRA TEATRAL<\/p>\n<p style=\"font-weight: 400;\">Con la participaci\u00f3n de 16 instituciones educativas, grupos de teatros independiente, fundaci\u00f3n y la Escuela Municipal de Teatro se dio inicio a la 3\u00aa temporada de la muestra teatral \u201cTomas Mazzanti\u201d en nuestra ciudad<\/p>\n<p style=\"font-weight: 400;\"><img loading=\"lazy\" decoding=\"async\" class=\"wp-image-26443 alignright\" src=\"https:\/\/radiobitacora.com.ar\/web\/wp-content\/uploads\/2025\/09\/Muestra-de-Teatro-Apertura-2.jpg\" alt=\"\" width=\"392\" height=\"261\" srcset=\"https:\/\/radiobitacora.com.ar\/web\/wp-content\/uploads\/2025\/09\/Muestra-de-Teatro-Apertura-2.jpg 1600w, https:\/\/radiobitacora.com.ar\/web\/wp-content\/uploads\/2025\/09\/Muestra-de-Teatro-Apertura-2-696x464.jpg 696w, https:\/\/radiobitacora.com.ar\/web\/wp-content\/uploads\/2025\/09\/Muestra-de-Teatro-Apertura-2-1068x712.jpg 1068w, https:\/\/radiobitacora.com.ar\/web\/wp-content\/uploads\/2025\/09\/Muestra-de-Teatro-Apertura-2-630x420.jpg 630w\" sizes=\"auto, (max-width: 392px) 100vw, 392px\" \/><\/p>\n<p style=\"font-weight: 400;\">El Teatro Municipal es el \u00e1mbito para la mencionada muestra, donde se podr\u00e1 apreciar durante tres jornadas 26 obras de las entidades participantes, con entrada libre y gratuita, asegur\u00e1ndose la presencia de 4200 espectadores de los colegios de los distintos niveles educativos de Goya y la zona rural.<\/p>\n<p style=\"font-weight: 400;\">\u201cEsta muestra vino para quedarse, nos ayuda a revalorizar nuestra cultura, nuestra identidad\u201d Afirm\u00f3 el Intendente Municipal<\/p>\n<p style=\"font-weight: 400;\">En la apertura se recibieron salutaciones, adhesiones desde distintos sectores del \u00e1mbito cultural, hist\u00f3rico y art\u00edstico de Goya, la Provincia incluso a nivel nacional, destac\u00e1ndose las adhesiones enviadas desde el Instituto Nacional del Teatro, Instituto de Cultura de la Provincia de Corrientes, Teatro Vocacional \u201cCandilejas\u201d, del presidente del Instituto Nacional Belgraniano Lic. Manuel Belgrano (Chozno nieto del General), de la Vicegobernaci\u00f3n de la Provincia, por la cual con la firma del titular del Senado Pedro Braillard Poccard la C\u00e1mara de Senadores dispone la declaraci\u00f3n de Inter\u00e9s Cultural a la muestra.<\/p>\n<p style=\"font-weight: 400;\"><img loading=\"lazy\" decoding=\"async\" class=\"wp-image-26444 alignright\" src=\"https:\/\/radiobitacora.com.ar\/web\/wp-content\/uploads\/2025\/09\/Muestra-de-Teatro-Apertura-1.jpg\" alt=\"\" width=\"383\" height=\"255\" srcset=\"https:\/\/radiobitacora.com.ar\/web\/wp-content\/uploads\/2025\/09\/Muestra-de-Teatro-Apertura-1.jpg 1600w, https:\/\/radiobitacora.com.ar\/web\/wp-content\/uploads\/2025\/09\/Muestra-de-Teatro-Apertura-1-696x464.jpg 696w, https:\/\/radiobitacora.com.ar\/web\/wp-content\/uploads\/2025\/09\/Muestra-de-Teatro-Apertura-1-1068x712.jpg 1068w, https:\/\/radiobitacora.com.ar\/web\/wp-content\/uploads\/2025\/09\/Muestra-de-Teatro-Apertura-1-630x420.jpg 630w\" sizes=\"auto, (max-width: 383px) 100vw, 383px\" \/><\/p>\n<p style=\"font-weight: 400;\">En sus consideraciones de augurios el Lic. Manuel Belgrano resalta la \u201ciniciativa de la Asociaci\u00f3n Belgraniana de Goya, de representar un hecho trascendental en el ideario emancipador, como el hecho del \u201c\u00c9xodo Juje\u00f1o\u201d, valorando la creatividad art\u00edstica de la Escuela Municipal de Teatro para poner en escena a 40 artistas para esta recreaci\u00f3n, en un d\u00eda memorable de la historia argentina, donde se recuerda la Batalla de Tucum\u00e1n librada por las fuerzas al mando del General Manuel Belgrano, augurando \u00e9xitos a la muestra y a la obra el \u201c\u00c9xodo\u201d en especial.<\/p>\n<p style=\"font-weight: 400;\">De la apertura acompa\u00f1aron al Intendente Municipal Mariano Hormaechea, el Director de Cultura Manuel Zampar y el Coordinador de la Escuela Municipal de Teatro Javier Camino.<\/p>\n<p style=\"font-weight: 400;\">La inauguraci\u00f3n de las obras estuvo dada por \u201cMisterio de Navidad\u201d representada por estudiantes de la Escuela Parroquial \u201cLa Rotonda\u201d con la direcci\u00f3n de Marianela Vernaz.<\/p>\n<p style=\"font-weight: 400;\"><img loading=\"lazy\" decoding=\"async\" class=\"wp-image-26445 alignleft\" src=\"https:\/\/radiobitacora.com.ar\/web\/wp-content\/uploads\/2025\/09\/Muestra-de-Teatro-Apertura-6.jpg\" alt=\"\" width=\"381\" height=\"254\" srcset=\"https:\/\/radiobitacora.com.ar\/web\/wp-content\/uploads\/2025\/09\/Muestra-de-Teatro-Apertura-6.jpg 1600w, https:\/\/radiobitacora.com.ar\/web\/wp-content\/uploads\/2025\/09\/Muestra-de-Teatro-Apertura-6-696x464.jpg 696w, https:\/\/radiobitacora.com.ar\/web\/wp-content\/uploads\/2025\/09\/Muestra-de-Teatro-Apertura-6-1068x712.jpg 1068w, https:\/\/radiobitacora.com.ar\/web\/wp-content\/uploads\/2025\/09\/Muestra-de-Teatro-Apertura-6-630x420.jpg 630w\" sizes=\"auto, (max-width: 381px) 100vw, 381px\" \/><\/p>\n<p style=\"font-weight: 400;\">MARIANO HORMAECHEA<\/p>\n<p style=\"font-weight: 400;\">Al momento de ser invitado el Intendente Mariano Hormaechea a saludar a los presentes, expres\u00f3: \u201cDebo agradecer a Javier (Camino), por el compromiso, la pasi\u00f3n que pone, lo cual trasciende en esta acci\u00f3n de promover el teatro, la cultura, a \u201cLito\u201d (Zampar) Director de Cultura, a las 17 instituciones que participan de esta movida art\u00edstica, nosotros planteamos que no solo las obras hacen al desarrollo de la ciudad, trabajar de la manera que lo hacemos de manera progresiva en la cultura, contribuye al desarrollo de los pueblos, Goya tiene una interesante actividad cultural, no siempre con la oportunidad para mostrar, nosotros con Lito, con el equipo de la Municipalidad, el Gobierno de la Provincia, venimos tratando de revalorizar, darle fuerza a la identidad a los que somos como correntinos, reflejado en la Feria del Libro, en este evento que vino para quedarse, para continuar revalorizando nuestra identidad.\u201d<\/p>\n<p style=\"font-weight: 400;\">\u201cNos venimos posicionado, reconocidos desde distintos lugares, -agreg\u00f3 el Intendente- este Teatro, no podemos decirlo a\u00fan, pero venimos trabajando para que pueda ser nuestro, desde la Municipalidad, venimos accionando \u00a0para tener un libro que cuente la historia oficial, de d\u00f3nde venimos, estamos manteniendo reuniones con todos los actores, para concretar ese objetivo y tener una fecha para la celebraci\u00f3n institucional, existe una Ley Provincial donde se deja claro que el 9 de noviembre de 1781, a trav\u00e9s de un documento donde se nombra a Goya, es la indicaci\u00f3n de esa radicaci\u00f3n hist\u00f3rica, estamos convocando a toda la ciudadan\u00eda, instituciones y sectores para tener esa fecha de la institucionalidad.\u201d<\/p>\n<p style=\"font-weight: 400;\">Tras lo cual volvi\u00f3 a se\u00f1alar: \u201creitero esta muestra vino para quedarse, seguir\u00e1 creciendo, ser\u00e1 el espacio para generar las oportunidades de revalorizaci\u00f3n de nuestra esencia, gracias a los chicos, que mostraran sus condiciones, a los profesores por el compromiso, celebremos, sigamos trabajando juntos por la cultura de la ciudad.\u201d<\/p>\n<p style=\"font-weight: 400;\"><img loading=\"lazy\" decoding=\"async\" class=\"wp-image-26446 alignright\" src=\"https:\/\/radiobitacora.com.ar\/web\/wp-content\/uploads\/2025\/09\/Muestra-de-Teatro-Apertura-7-Grupo-Farsantes.jpg\" alt=\"\" width=\"397\" height=\"307\" srcset=\"https:\/\/radiobitacora.com.ar\/web\/wp-content\/uploads\/2025\/09\/Muestra-de-Teatro-Apertura-7-Grupo-Farsantes.jpg 1378w, https:\/\/radiobitacora.com.ar\/web\/wp-content\/uploads\/2025\/09\/Muestra-de-Teatro-Apertura-7-Grupo-Farsantes-696x538.jpg 696w, https:\/\/radiobitacora.com.ar\/web\/wp-content\/uploads\/2025\/09\/Muestra-de-Teatro-Apertura-7-Grupo-Farsantes-1068x826.jpg 1068w, https:\/\/radiobitacora.com.ar\/web\/wp-content\/uploads\/2025\/09\/Muestra-de-Teatro-Apertura-7-Grupo-Farsantes-543x420.jpg 543w\" sizes=\"auto, (max-width: 397px) 100vw, 397px\" \/><\/p>\n<p style=\"font-weight: 400;\">JAVIER CAMINO<\/p>\n<p style=\"font-weight: 400;\">El Coordinador de la Escuela Municipal de Teatro profesor Javier Camino, agradeci\u00f3 el esfuerzo de cada instituci\u00f3n, entidad, grupo de teatro, reconociendo el inter\u00e9s, las ganas como el caso del Grupo \u201cFarsantes\u201d de Mercedes que form\u00f3 parte de la apertura, haciendo extensivo el agradecimiento al Director de Cultura, al Intendente por el apoyo, por asegurar: \u201cEsta muestra vino para quedarse\u201d, este es \u201cun d\u00eda importante para nosotros, en los 150 a\u00f1os pensamos como poner el valor de la actividad, surge as\u00ed la muestra con el nombre de Tomas Mazzanti, al obtener respuesta de los colegios para estar presentes llegamos a este presente, en la 3\u00aa muestra con 26 obras de teatro para compartir con toda la comunidad, tenemos anotados 4200 estudiantes de la ciudad, de la zona rural, la cultura es un bien que nos pertenece a todos, este registro es sin contar al p\u00fablico de la comunidad, destaco la presencia del Grupo Independiente \u201cfarsantes\u201d de Mercedes, esto nos desaf\u00eda a trabajar para la pr\u00f3xima edici\u00f3n, gracias una vez m\u00e1s Mariano Hormaechea, a \u201cLito \u201cpor las gestiones, apostar a la cultura ayudar\u00e1 a florecer para que la cosecha art\u00edstica sea muy grande, gracias por la oportunidad a los teatristas.\u201d<\/p>\n<p style=\"font-weight: 400;\">GRUPO FARSANTES<\/p>\n<p style=\"font-weight: 400;\">Antes de la presentaci\u00f3n de su obra, el Intendente Municipal Mariano Hormaechea, junto al Director de Cultura Manuel Zampar y el Coordinador de la Escuela de Teatro Javier Camino hicieron entrega del reconocimiento (porque viajan en la presente jornada), por su participaci\u00f3n en la 3\u00aa Muestra de Teatro \u201cTomas Mazzanti\u201d<\/p>\n<p style=\"font-weight: 400;\">La muestra con la pausa del mediod\u00eda contin\u00faa en el Teatro Municipal, siendo aguardada la presentaci\u00f3n de la Obra \u201c\u00c9xodo Juje\u00f1o\u201d recreada por 40 artistas en el escenario, coordinada en la Direcci\u00f3n por la Escuela de Teatro.<\/p>\n<p style=\"font-weight: 400;\">Direcci\u00f3n de Prensa-Municipalidad de Goya<\/p>\n","protected":false},"excerpt":{"rendered":"<p>EL INTENDENTE MARIANO HORMAECHEA ACOMPA\u00d1\u00d3 LA APERTURA DE LA MUESTRA TEATRAL Con la participaci\u00f3n de 16 instituciones educativas, grupos de teatros independiente, fundaci\u00f3n y la Escuela Municipal de Teatro se dio inicio a la 3\u00aa temporada de la muestra teatral \u201cTomas Mazzanti\u201d en nuestra ciudad El Teatro Municipal es el \u00e1mbito para la mencionada muestra, [&hellip;]<\/p>\n","protected":false},"author":2,"featured_media":26447,"comment_status":"closed","ping_status":"closed","sticky":false,"template":"","format":"standard","meta":{"footnotes":""},"categories":[56,1],"tags":[],"class_list":{"0":"post-26442","1":"post","2":"type-post","3":"status-publish","4":"format-standard","5":"has-post-thumbnail","7":"category-locales","8":"category-sin-categoria"},"_links":{"self":[{"href":"https:\/\/radiobitacora.com.ar\/web\/wp-json\/wp\/v2\/posts\/26442","targetHints":{"allow":["GET"]}}],"collection":[{"href":"https:\/\/radiobitacora.com.ar\/web\/wp-json\/wp\/v2\/posts"}],"about":[{"href":"https:\/\/radiobitacora.com.ar\/web\/wp-json\/wp\/v2\/types\/post"}],"author":[{"embeddable":true,"href":"https:\/\/radiobitacora.com.ar\/web\/wp-json\/wp\/v2\/users\/2"}],"replies":[{"embeddable":true,"href":"https:\/\/radiobitacora.com.ar\/web\/wp-json\/wp\/v2\/comments?post=26442"}],"version-history":[{"count":0,"href":"https:\/\/radiobitacora.com.ar\/web\/wp-json\/wp\/v2\/posts\/26442\/revisions"}],"wp:featuredmedia":[{"embeddable":true,"href":"https:\/\/radiobitacora.com.ar\/web\/wp-json\/wp\/v2\/media\/26447"}],"wp:attachment":[{"href":"https:\/\/radiobitacora.com.ar\/web\/wp-json\/wp\/v2\/media?parent=26442"}],"wp:term":[{"taxonomy":"category","embeddable":true,"href":"https:\/\/radiobitacora.com.ar\/web\/wp-json\/wp\/v2\/categories?post=26442"},{"taxonomy":"post_tag","embeddable":true,"href":"https:\/\/radiobitacora.com.ar\/web\/wp-json\/wp\/v2\/tags?post=26442"}],"curies":[{"name":"wp","href":"https:\/\/api.w.org\/{rel}","templated":true}]}}