{"id":26450,"date":"2025-09-25T09:17:18","date_gmt":"2025-09-25T12:17:18","guid":{"rendered":"https:\/\/radiobitacora.com.ar\/web\/?p=26450"},"modified":"2025-09-25T09:21:22","modified_gmt":"2025-09-25T12:21:22","slug":"caravana-nautica-y-caminata-misionera-de-la-paz","status":"publish","type":"post","link":"https:\/\/radiobitacora.com.ar\/web\/2025\/09\/25\/caravana-nautica-y-caminata-misionera-de-la-paz\/","title":{"rendered":"CARAVANA N\u00c1UTICA Y CAMINATA MISIONERA DE LA PAZ"},"content":{"rendered":"<p style=\"font-weight: 400;\">Se invita a participar de la Caravana N\u00e1utica, el domingo 28, que partir\u00e1 a las 18 horas desde Caba\u00f1as \u201cRinc\u00f3n del Dorado\u201d, para desembarcar en la Prefectura Goya.<\/p>\n<p style=\"font-weight: 400;\">Desde la entidad prefecturiana e Infancia Misionera se propone la Caminata Misionera de la Paz hasta la iglesia Catedral.<\/p>\n<p style=\"font-weight: 400;\">Direcci\u00f3n de Prensa &#8211; Municipalidad de Goya<\/p>\n","protected":false},"excerpt":{"rendered":"<p>Se invita a participar de la Caravana N\u00e1utica, el domingo 28, que partir\u00e1 a las 18 horas desde Caba\u00f1as \u201cRinc\u00f3n del Dorado\u201d, para desembarcar en la Prefectura Goya. Desde la entidad prefecturiana e Infancia Misionera se propone la Caminata Misionera de la Paz hasta la iglesia Catedral. Direcci\u00f3n de Prensa &#8211; Municipalidad de Goya<\/p>\n","protected":false},"author":2,"featured_media":26451,"comment_status":"closed","ping_status":"closed","sticky":false,"template":"","format":"standard","meta":{"footnotes":""},"categories":[56],"tags":[],"class_list":{"0":"post-26450","1":"post","2":"type-post","3":"status-publish","4":"format-standard","5":"has-post-thumbnail","7":"category-locales"},"_links":{"self":[{"href":"https:\/\/radiobitacora.com.ar\/web\/wp-json\/wp\/v2\/posts\/26450","targetHints":{"allow":["GET"]}}],"collection":[{"href":"https:\/\/radiobitacora.com.ar\/web\/wp-json\/wp\/v2\/posts"}],"about":[{"href":"https:\/\/radiobitacora.com.ar\/web\/wp-json\/wp\/v2\/types\/post"}],"author":[{"embeddable":true,"href":"https:\/\/radiobitacora.com.ar\/web\/wp-json\/wp\/v2\/users\/2"}],"replies":[{"embeddable":true,"href":"https:\/\/radiobitacora.com.ar\/web\/wp-json\/wp\/v2\/comments?post=26450"}],"version-history":[{"count":0,"href":"https:\/\/radiobitacora.com.ar\/web\/wp-json\/wp\/v2\/posts\/26450\/revisions"}],"wp:featuredmedia":[{"embeddable":true,"href":"https:\/\/radiobitacora.com.ar\/web\/wp-json\/wp\/v2\/media\/26451"}],"wp:attachment":[{"href":"https:\/\/radiobitacora.com.ar\/web\/wp-json\/wp\/v2\/media?parent=26450"}],"wp:term":[{"taxonomy":"category","embeddable":true,"href":"https:\/\/radiobitacora.com.ar\/web\/wp-json\/wp\/v2\/categories?post=26450"},{"taxonomy":"post_tag","embeddable":true,"href":"https:\/\/radiobitacora.com.ar\/web\/wp-json\/wp\/v2\/tags?post=26450"}],"curies":[{"name":"wp","href":"https:\/\/api.w.org\/{rel}","templated":true}]}}