{"id":26454,"date":"2025-09-25T09:24:56","date_gmt":"2025-09-25T12:24:56","guid":{"rendered":"https:\/\/radiobitacora.com.ar\/web\/?p=26454"},"modified":"2025-09-25T09:24:56","modified_gmt":"2025-09-25T12:24:56","slug":"la-fundacion-destaca-como-positiva-la-3a-carrera-solidaria","status":"publish","type":"post","link":"https:\/\/radiobitacora.com.ar\/web\/2025\/09\/25\/la-fundacion-destaca-como-positiva-la-3a-carrera-solidaria\/","title":{"rendered":"LA FUNDACI\u00d3N DESTACA COMO POSITIVA LA 3\u00aa CARRERA SOLIDARIA"},"content":{"rendered":"<p>Fundaci\u00f3n Onco Infanto Juvenil Goya<\/p>\n<p>&nbsp;<\/p>\n<p>Agradece el apoyo y acompa\u00f1amiento de la Municipalidad de Goya, de la Direcci\u00f3n de Deportes, a los voluntarios, atletas, empresas, instituciones y comercios de la ciudad.<\/p>\n<p>&nbsp;<\/p>\n<p>La presidente de la fundaci\u00f3n, Karina Zoilo, junto a la tesorera Mariana Santajuliana renuevan el agradecimiento a \u201ccada persona que aport\u00f3 su granito de arena para que la causa siga creciendo\u201d.<\/p>\n<p>&nbsp;<\/p>\n<p>El martes, la mencionada entidad realiz\u00f3 una reuni\u00f3n general junto a las familias y voluntarios que integran este espacio de atenci\u00f3n, asesoramiento y contenci\u00f3n, donde se present\u00f3 el balance de la 3\u00aa carrera solidaria desarrollada el pasado 7 de septiembre en el predio Costa Surub\u00ed.<\/p>\n<p>&nbsp;<\/p>\n<p>Tras la reuni\u00f3n, la Fundaci\u00f3n Onco Infanto Juvenil Goya expresa su profundo agradecimiento a la Municipalidad de Goya, a la Direcci\u00f3n de Deportes, a las instituciones, comercios y voluntarios que hicieron posible este \u00e9xito.<\/p>\n<p>&nbsp;<\/p>\n<p>En el comunicado ponen en conocimiento de la sociedad la solidaridad de toda la comunidad, destacando: \u201cContamos con un fondo econ\u00f3mico que nos permitir\u00e1 asistir en casos de urgencia y continuar desarrollando nuestras actividades, de acuerdo al estatuto vigente\u201d.<\/p>\n<p><img loading=\"lazy\" decoding=\"async\" class=\"wp-image-26455 alignleft\" src=\"https:\/\/radiobitacora.com.ar\/web\/wp-content\/uploads\/2025\/09\/fundacion-onco-reunion-balance-ilustracion-2-flyr-comunicado.jpg\" alt=\"\" width=\"463\" height=\"577\" srcset=\"https:\/\/radiobitacora.com.ar\/web\/wp-content\/uploads\/2025\/09\/fundacion-onco-reunion-balance-ilustracion-2-flyr-comunicado.jpg 1440w, https:\/\/radiobitacora.com.ar\/web\/wp-content\/uploads\/2025\/09\/fundacion-onco-reunion-balance-ilustracion-2-flyr-comunicado-696x868.jpg 696w, https:\/\/radiobitacora.com.ar\/web\/wp-content\/uploads\/2025\/09\/fundacion-onco-reunion-balance-ilustracion-2-flyr-comunicado-1068x1331.jpg 1068w, https:\/\/radiobitacora.com.ar\/web\/wp-content\/uploads\/2025\/09\/fundacion-onco-reunion-balance-ilustracion-2-flyr-comunicado-337x420.jpg 337w\" sizes=\"auto, (max-width: 463px) 100vw, 463px\" \/><\/p>\n<p>Direcci\u00f3n de Prensa &#8211; Municipalidad de Goya<\/p>\n","protected":false},"excerpt":{"rendered":"<p>Fundaci\u00f3n Onco Infanto Juvenil Goya &nbsp; Agradece el apoyo y acompa\u00f1amiento de la Municipalidad de Goya, de la Direcci\u00f3n de Deportes, a los voluntarios, atletas, empresas, instituciones y comercios de la ciudad. &nbsp; La presidente de la fundaci\u00f3n, Karina Zoilo, junto a la tesorera Mariana Santajuliana renuevan el agradecimiento a \u201ccada persona que aport\u00f3 su [&hellip;]<\/p>\n","protected":false},"author":2,"featured_media":26456,"comment_status":"closed","ping_status":"closed","sticky":false,"template":"","format":"standard","meta":{"footnotes":""},"categories":[56],"tags":[],"class_list":{"0":"post-26454","1":"post","2":"type-post","3":"status-publish","4":"format-standard","5":"has-post-thumbnail","7":"category-locales"},"_links":{"self":[{"href":"https:\/\/radiobitacora.com.ar\/web\/wp-json\/wp\/v2\/posts\/26454","targetHints":{"allow":["GET"]}}],"collection":[{"href":"https:\/\/radiobitacora.com.ar\/web\/wp-json\/wp\/v2\/posts"}],"about":[{"href":"https:\/\/radiobitacora.com.ar\/web\/wp-json\/wp\/v2\/types\/post"}],"author":[{"embeddable":true,"href":"https:\/\/radiobitacora.com.ar\/web\/wp-json\/wp\/v2\/users\/2"}],"replies":[{"embeddable":true,"href":"https:\/\/radiobitacora.com.ar\/web\/wp-json\/wp\/v2\/comments?post=26454"}],"version-history":[{"count":0,"href":"https:\/\/radiobitacora.com.ar\/web\/wp-json\/wp\/v2\/posts\/26454\/revisions"}],"wp:featuredmedia":[{"embeddable":true,"href":"https:\/\/radiobitacora.com.ar\/web\/wp-json\/wp\/v2\/media\/26456"}],"wp:attachment":[{"href":"https:\/\/radiobitacora.com.ar\/web\/wp-json\/wp\/v2\/media?parent=26454"}],"wp:term":[{"taxonomy":"category","embeddable":true,"href":"https:\/\/radiobitacora.com.ar\/web\/wp-json\/wp\/v2\/categories?post=26454"},{"taxonomy":"post_tag","embeddable":true,"href":"https:\/\/radiobitacora.com.ar\/web\/wp-json\/wp\/v2\/tags?post=26454"}],"curies":[{"name":"wp","href":"https:\/\/api.w.org\/{rel}","templated":true}]}}