{"id":26478,"date":"2025-09-25T17:50:01","date_gmt":"2025-09-25T20:50:01","guid":{"rendered":"https:\/\/radiobitacora.com.ar\/web\/?p=26478"},"modified":"2025-09-25T17:50:01","modified_gmt":"2025-09-25T20:50:01","slug":"el-mes-de-la-biblia-se-celebra-en-goya-con-oracion-arte-y-unidad-de-las-iglesias","status":"publish","type":"post","link":"https:\/\/radiobitacora.com.ar\/web\/2025\/09\/25\/el-mes-de-la-biblia-se-celebra-en-goya-con-oracion-arte-y-unidad-de-las-iglesias\/","title":{"rendered":"EL MES DE LA BIBLIA SE CELEBRA EN GOYA CON ORACI\u00d3N, ARTE Y UNIDAD DE LAS IGLESIAS"},"content":{"rendered":"<p style=\"font-weight: 400;\">Pablo Churruar\u00edn<\/p>\n<p style=\"font-weight: 400;\">\n<p style=\"font-weight: 400;\">En el marco del Mes de la Biblia, que se conmemora cada septiembre, Goya ser\u00e1 escenario de una propuesta este s\u00e1bado 27 de septiembre a las 17 horas en Plaza Mitre. La iniciativa busca revalorizar el Monumento a la Biblia y convocar a la comunidad a una jornada de oraci\u00f3n, reflexi\u00f3n y expresiones art\u00edsticas.<\/p>\n<p style=\"font-weight: 400;\">El licenciado y pastor Pablo Churruar\u00edn, uno de los principales impulsores de la actividad junto a distintas congregaciones cristianas de la ciudad, resalt\u00f3 la importancia de este encuentro: \u201cUno busca valorar la vida y por ah\u00ed en cada acontecimiento cada vez se busca m\u00e1s que tambi\u00e9n la oraci\u00f3n sea dirigida desde el pastor de la di\u00f3cesis de Goya y tambi\u00e9n a aquellos que vienen animando las distintas congregaciones cristianas en la ciudad\u201d, expres\u00f3.<\/p>\n<p style=\"font-weight: 400;\">Pablo Churruar\u00edn remarc\u00f3 que este mes tiene un significado profundo: \u201cPonemos como una fecha importante el mes de la Biblia. Dentro de tantas efem\u00e9rides, algunas positivas capaces en cuanto a las acciones, la Biblia no deja de ser una acci\u00f3n. Y no dije palabra, sabemos que es palabra de vida, pero la misma palabra de vida dice que la fe sin obras es muerta\u201d, se\u00f1al\u00f3.<\/p>\n<p style=\"font-weight: 400;\">En esa l\u00ednea, el pastor agreg\u00f3: \u201cEste mes nos llama hablando de la Sagrada Escritura. Dice que la mejor traducci\u00f3n de la Biblia es aquella que se hace, la que se lleva al acto\u201d.<\/p>\n<p style=\"font-weight: 400;\">La convocatoria del s\u00e1bado girar\u00e1 en torno al lema del Salmo 119:105: \u201cL\u00e1mpara es a mis pies tu palabra y lumbrera a mi camino\u201d, subray\u00f3 Churruar\u00edn, destacando que en tiempos de oscuridad social, emocional y laboral, la Palabra de Dios se convierte en gu\u00eda y esperanza.<\/p>\n<p style=\"font-weight: 400;\">Durante la entrevista, el pastor enfatiz\u00f3 la necesidad de rescatar la fe como base de los proyectos personales y comunitarios: \u201cHoy estaba pensando antes de esta conversaci\u00f3n, la importancia que le damos a la fe y a veces la dejamos de lado, pero sin fe es imposible vivir\u201d, expres\u00f3.<\/p>\n<p style=\"font-weight: 400;\">Y ejemplific\u00f3: \u201cImag\u00ednate un proyecto de vida para un adolescente, para un empresario que sue\u00f1a con una gran empresa. Eso se trata de fe. Es algo que no existe todav\u00eda, es algo que no se ve, pero sin embargo uno en fe se sostiene, se esfuerza, se levanta, se motiva. La gente pregunta \u2018\u00bfde d\u00f3nde saca fuerzas?\u2019 y ah\u00ed es donde est\u00e1 la l\u00e1mpara, donde est\u00e1 la luz\u201d.<\/p>\n<p style=\"font-weight: 400;\">Churruar\u00edn asegur\u00f3 que este camino no siempre es f\u00e1cil: \u201cTransitar un camino de fe hacia Dios no es sencillo, pero hasta en la m\u00fasica, el canto y la danza podemos buscar lo espiritual. Estos espacios p\u00fablicos son poner la luz all\u00ed, la que nos arraiga y nos afirma para emprender cosas que humanamente parecen imposibles\u201d, dijo.<\/p>\n<p style=\"font-weight: 400;\">El pastor tambi\u00e9n reflexion\u00f3 sobre el valor trascendente de la Palabra: \u201cHay una luz que alumbra. Las luces humanas se apagan por diferentes circunstancias de la vida. Necesitamos una luz divina, una fuente de energ\u00eda. La Biblia lo conceptualiza como amor, porque Dios no tiene amor, Dios es amor\u201d, sostuvo.<\/p>\n<p style=\"font-weight: 400;\">Y a\u00f1adi\u00f3: \u201cQu\u00e9 bueno es que otra vez podamos poner las luces arriba, juntamente con cada hijo e hija destinados b\u00edblicamente a brillar junto con el Padre de las luces\u201d.<\/p>\n<p style=\"font-weight: 400;\">INVITACI\u00d3N A LA COMUNIDAD<\/p>\n<p style=\"font-weight: 400;\">La actividad no se limitar\u00e1 a la lectura b\u00edblica, sino que incluir\u00e1 oraciones, reflexiones sobre la familia y presentaciones art\u00edsticas.<\/p>\n<p style=\"font-weight: 400;\">\u201cNo solo se va a leer. Se hablar\u00e1 de la familia, se compartir\u00e1n pasajes y habr\u00e1 expresiones creativas que tambi\u00e9n vienen de Dios. Todo lo que viene de \u00c9l favorece la creatividad y la estimula\u201d, destac\u00f3 el pastor.<\/p>\n<p style=\"font-weight: 400;\">Finalmente, extendi\u00f3 la invitaci\u00f3n a todos los goyanos: \u201cEste s\u00e1bado a las 17 horas en Plaza Mitre ser\u00e1 un tiempo para disfrutar del arte como experiencia subjetiva y liberadora, pero tambi\u00e9n como un tiempo de adoraci\u00f3n a Dios. La vida se construye de momentos, y quiz\u00e1 este sea decisivo para alguien. Hemos perdido la fe y la confianza, y este es un buen momento para recuperarlas\u201d, concluy\u00f3 Churruar\u00edn.<\/p>\n<p style=\"font-weight: 400;\">\n<p style=\"font-weight: 400;\">\n<p style=\"font-weight: 400;\">Direcci\u00f3n de Prensa- Municipalidad de Goya.<\/p>\n","protected":false},"excerpt":{"rendered":"<p>Pablo Churruar\u00edn En el marco del Mes de la Biblia, que se conmemora cada septiembre, Goya ser\u00e1 escenario de una propuesta este s\u00e1bado 27 de septiembre a las 17 horas en Plaza Mitre. La iniciativa busca revalorizar el Monumento a la Biblia y convocar a la comunidad a una jornada de oraci\u00f3n, reflexi\u00f3n y expresiones [&hellip;]<\/p>\n","protected":false},"author":2,"featured_media":26479,"comment_status":"closed","ping_status":"closed","sticky":false,"template":"","format":"standard","meta":{"footnotes":""},"categories":[56],"tags":[],"class_list":{"0":"post-26478","1":"post","2":"type-post","3":"status-publish","4":"format-standard","5":"has-post-thumbnail","7":"category-locales"},"_links":{"self":[{"href":"https:\/\/radiobitacora.com.ar\/web\/wp-json\/wp\/v2\/posts\/26478","targetHints":{"allow":["GET"]}}],"collection":[{"href":"https:\/\/radiobitacora.com.ar\/web\/wp-json\/wp\/v2\/posts"}],"about":[{"href":"https:\/\/radiobitacora.com.ar\/web\/wp-json\/wp\/v2\/types\/post"}],"author":[{"embeddable":true,"href":"https:\/\/radiobitacora.com.ar\/web\/wp-json\/wp\/v2\/users\/2"}],"replies":[{"embeddable":true,"href":"https:\/\/radiobitacora.com.ar\/web\/wp-json\/wp\/v2\/comments?post=26478"}],"version-history":[{"count":0,"href":"https:\/\/radiobitacora.com.ar\/web\/wp-json\/wp\/v2\/posts\/26478\/revisions"}],"wp:featuredmedia":[{"embeddable":true,"href":"https:\/\/radiobitacora.com.ar\/web\/wp-json\/wp\/v2\/media\/26479"}],"wp:attachment":[{"href":"https:\/\/radiobitacora.com.ar\/web\/wp-json\/wp\/v2\/media?parent=26478"}],"wp:term":[{"taxonomy":"category","embeddable":true,"href":"https:\/\/radiobitacora.com.ar\/web\/wp-json\/wp\/v2\/categories?post=26478"},{"taxonomy":"post_tag","embeddable":true,"href":"https:\/\/radiobitacora.com.ar\/web\/wp-json\/wp\/v2\/tags?post=26478"}],"curies":[{"name":"wp","href":"https:\/\/api.w.org\/{rel}","templated":true}]}}