{"id":26485,"date":"2025-09-25T17:56:40","date_gmt":"2025-09-25T20:56:40","guid":{"rendered":"https:\/\/radiobitacora.com.ar\/web\/?p=26485"},"modified":"2025-09-25T18:00:52","modified_gmt":"2025-09-25T21:00:52","slug":"aplaudimos-este-gesto-del-municipio-de-goya-hacia-los-docentes-destaco-el-rector-martin-vazquez","status":"publish","type":"post","link":"https:\/\/radiobitacora.com.ar\/web\/2025\/09\/25\/aplaudimos-este-gesto-del-municipio-de-goya-hacia-los-docentes-destaco-el-rector-martin-vazquez\/","title":{"rendered":"\u201cAPLAUDIMOS ESTE GESTO DEL MUNICIPIO DE GOYA HACIA LOS DOCENTES\u201d, DESTAC\u00d3 EL RECTOR MART\u00cdN V\u00c1ZQUEZ"},"content":{"rendered":"<p style=\"font-weight: 400;\">En di\u00e1logo con Radio Ciudad 88.3, el rector del Colegio Secundario Buena Vista, Mart\u00edn V\u00e1zquez, comparti\u00f3 reflexiones sobre el reciente acto de reconocimiento a docentes destacados organizado por la Municipalidad de Goya y adelant\u00f3 detalles de la Estudiantina Rural, prevista para el pr\u00f3ximo 9 de octubre.<\/p>\n<p style=\"font-weight: 400;\">Desde el inicio, V\u00e1zquez valor\u00f3 la historia de la instituci\u00f3n: \u201cLa verdad que es un orgullo porque el primer colegio rural significa que hace 35 a\u00f1os, por lo menos, los primeros estudiantes de la zona pudieron tener acceso a la educaci\u00f3n sin tener que emigrar y eso es muy valioso. Hoy esa oportunidad est\u00e1 muy multiplicada en todos los parajes\u201d, expres\u00f3.<\/p>\n<p style=\"font-weight: 400;\">Consultado sobre el acto organizado por el municipio, V\u00e1zquez afirm\u00f3: \u201cmuy feliz porque que un municipio, a trav\u00e9s de su intendente y del equipo de Secretar\u00eda de Educaci\u00f3n, reconozca la trayectoria de los docentes es muy valiosa. De alguna manera est\u00e1n sentando precedentes de todo el trabajo que hicieron nuestros docentes hace mucho tiempo. No es simplemente dar clases, sino acompa\u00f1ar a nuestros estudiantes en diferentes contextos\u201d.<\/p>\n<p style=\"font-weight: 400;\">El rector subray\u00f3 la entrega de los educadores: \u201cHoy hay docentes acompa\u00f1ando a los chicos en el predio, docentes que a las 5.30 de la ma\u00f1ana se levantaron para tomar el colectivo y acompa\u00f1ar a sus estudiantes. Los acompa\u00f1an en disciplinas deportivas, en olimpiadas, en ferias, en micro emprendimientos, en viajes educativos. Est\u00e1n presentes en el trabajo \u00e1ulico diario, pero tambi\u00e9n en lo que nosotros llamamos extra problem\u00e1ticos, que se extienden a los fines de semana o fuera de horario\u201d.<\/p>\n<p style=\"font-weight: 400;\">A su vez, destac\u00f3 el gesto del gobierno local: \u201cAplaudimos este gesto del equipo municipal. Es un mimo, es un reconocimiento, y me gust\u00f3 mucho que las familias puedan estar, porque v\u00e1lida eso que la Municipalidad de Goya y todo el equipo entrega\u201d.<\/p>\n<p style=\"font-weight: 400;\">Orgullo por los docentes de Buena Vista<\/p>\n<p style=\"font-weight: 400;\">El rector mencion\u00f3 con especial satisfacci\u00f3n a quienes fueron distinguidos: \u201cNosotros tuvimos a una docente destacada, la profesora Nora Barrios de Educaci\u00f3n F\u00edsica, que se inici\u00f3 pr\u00e1cticamente en el colegio desde su trayectoria docente. Reconocer a los docentes que est\u00e1n a punto de jubilarse me parece interesante, porque despu\u00e9s no hay otras oportunidades cuando ya egresan del sistema educativo\u201d, dijo.<\/p>\n<p style=\"font-weight: 400;\">Tambi\u00e9n nombr\u00f3 a otros colegas: \u201cElla es una, y Javier Nicoletti es otro docente, Francisco Torras es otro docente. Compartimos con otras escuelas e institutos, pero que lo reconozcan tiempo antes de jubilarse me parece muy gratificante para ellos, para su familia y para nosotros tambi\u00e9n. As\u00ed que con gusto acompa\u00f1amos anoche\u201d.<\/p>\n<p style=\"font-weight: 400;\">Sobre el valor de la docencia, V\u00e1zquez reflexion\u00f3: \u201cUno acompa\u00f1a en el trabajo \u00e1ulico disciplinar, pero tambi\u00e9n en otras muchas acciones. Creo que no son acumulaci\u00f3n de a\u00f1os, son acumulaci\u00f3n de experiencias y de marcas positivas que dejamos en nuestros estudiantes. Despu\u00e9s, pasados los a\u00f1os, ellos los recuerdan y eso es sumamente gratificante\u201d.<\/p>\n<p style=\"font-weight: 400;\">Finalmente, expres\u00f3 su deseo de que esta pol\u00edtica contin\u00fae: \u201cEsperemos se sigan sumando las distinciones porque eso es un aliciente para seguir trabajando y diciendo: \u2018Hago tantas cosas en la escuela, pero hay una comunidad en Goya que reconoce y visibiliza en un acto\u2019\u201d.<\/p>\n<p style=\"font-weight: 400;\">PARTICIPACI\u00d3N EN LA ESTUDIANTINA GOYANA<\/p>\n<p style=\"font-weight: 400;\">Asimismo, \u00a0el rector V\u00e1zquez cont\u00f3 c\u00f3mo el Colegio Buena Vista tambi\u00e9n se hizo presente en la Estudiantina de la ciudad: \u201cS\u00ed, hoy concluye esto, ya comenzaron a las 8 de la ma\u00f1ana. Creo que hay un primer partido de los chicos y uno de los colectivos sali\u00f3 5.30 de la ma\u00f1ana; a las 6.30 horas estuvo en la Ruta N\u00b0 14 y a las 8.45 ya estuvo en el \u2018Campo Amigo\u2019 (ex Massalin)\u201d, indic\u00f3.<\/p>\n<p style=\"font-weight: 400;\">Con emoci\u00f3n, agreg\u00f3: \u201cHay que llegar a horario y para los que est\u00e1n en zona rural los tiempos son distintos. Ah\u00ed est\u00e1n felices ellos para jugar. Hay tres equipos que van a jugar hoy, m\u00e1s el truco. As\u00ed que s\u00ed, est\u00e1n ah\u00ed presentes\u201d.<\/p>\n<p style=\"font-weight: 400;\">ESTUDIANTINA RURAL: 9 DE OCTUBRE EN LA SOCIEDAD RURAL<\/p>\n<p style=\"font-weight: 400;\">Respecto al evento que convocar\u00e1 a los colegios rurales de la regi\u00f3n, V\u00e1zquez anunci\u00f3: \u201cMa\u00f1ana a las 11 horas en el Sal\u00f3n de Acuerdos, los rectores de colegios rurales, acompa\u00f1ados por la Secretar\u00eda de Educaci\u00f3n y los directores de Deporte y Juventud, vamos a estar reunidos para socializar la informaci\u00f3n sobre la Estudiantina Rural. M\u00e1s que socializar, poder ponernos de acuerdo en algunos aspectos que hay que ajustar, y que sea una jornada sumamente festiva y con las colaboraciones necesarias\u201d.<\/p>\n<p style=\"font-weight: 400;\">En esa l\u00ednea, confirm\u00f3: \u201cEl 9 de octubre se va a realizar la Estudiantina Rural en la Sociedad Rural, durante toda la ma\u00f1ana y la tarde. Todos los rectores, junto al equipo municipal, vamos a socializar oficialmente el cronograma: disciplinas deportivas como f\u00fatbol, v\u00f3ley, truco, la elecci\u00f3n de reina y la parte recreativa para los que no participan en deportes\u201d.<\/p>\n<p style=\"font-weight: 400;\">Asimismo, adelant\u00f3 que habr\u00e1 un fuerte trabajo organizativo: \u201cEstamos ultimando porque son cuestiones de seguro, de transportaci\u00f3n, que tenemos que ajustar entre todos. Comprendo a mis compa\u00f1eros rectores: necesitamos la seguridad y la tranquilidad de que todo va a transcurrir de la mejor manera. Seguramente la Municipalidad aportar\u00e1 al equipo de tr\u00e1nsito para el movimiento, porque este a\u00f1o pretendemos que todos los colegios rurales puedan estar presentes, con el apoyo municipal, garantizando la asistencia\u201d.<\/p>\n<p style=\"font-weight: 400;\">Con entusiasmo, a\u00f1adi\u00f3: \u201cMultiplicamos la cantidad de colegios respecto al a\u00f1o pasado y van a tener una linda jornada los estudiantes. Estamos expectantes a esa reuni\u00f3n. Todo el equipo docente del colegio est\u00e1 organizando la cantina, el fixture, inscripciones, seguro y dem\u00e1s. Vamos a empezar cerca de las 8:30 o 9 de la ma\u00f1ana con el acto. Quiero agradecer a su presidente Santiago Decotto y a Pablo S\u00e1nchez, que nos ayudaron para hacer esa fecha de la Estudiantina Rural\u201d.<\/p>\n<p style=\"font-weight: 400;\"><img loading=\"lazy\" decoding=\"async\" class=\"aligncenter size-full wp-image-26486\" src=\"https:\/\/radiobitacora.com.ar\/web\/wp-content\/uploads\/2025\/09\/martin-vazquez-1.jpeg\" alt=\"\" width=\"1600\" height=\"900\" srcset=\"https:\/\/radiobitacora.com.ar\/web\/wp-content\/uploads\/2025\/09\/martin-vazquez-1.jpeg 1600w, https:\/\/radiobitacora.com.ar\/web\/wp-content\/uploads\/2025\/09\/martin-vazquez-1-696x392.jpeg 696w, https:\/\/radiobitacora.com.ar\/web\/wp-content\/uploads\/2025\/09\/martin-vazquez-1-1068x601.jpeg 1068w, https:\/\/radiobitacora.com.ar\/web\/wp-content\/uploads\/2025\/09\/martin-vazquez-1-747x420.jpeg 747w\" sizes=\"auto, (max-width: 1600px) 100vw, 1600px\" \/><\/p>\n<p style=\"font-weight: 400;\">Direcci\u00f3n de Prensa- Municipalidad de Goya.<\/p>\n","protected":false},"excerpt":{"rendered":"<p>En di\u00e1logo con Radio Ciudad 88.3, el rector del Colegio Secundario Buena Vista, Mart\u00edn V\u00e1zquez, comparti\u00f3 reflexiones sobre el reciente acto de reconocimiento a docentes destacados organizado por la Municipalidad de Goya y adelant\u00f3 detalles de la Estudiantina Rural, prevista para el pr\u00f3ximo 9 de octubre. Desde el inicio, V\u00e1zquez valor\u00f3 la historia de la [&hellip;]<\/p>\n","protected":false},"author":2,"featured_media":26487,"comment_status":"closed","ping_status":"closed","sticky":false,"template":"","format":"standard","meta":{"footnotes":""},"categories":[88],"tags":[],"class_list":{"0":"post-26485","1":"post","2":"type-post","3":"status-publish","4":"format-standard","5":"has-post-thumbnail","7":"category-educacion"},"_links":{"self":[{"href":"https:\/\/radiobitacora.com.ar\/web\/wp-json\/wp\/v2\/posts\/26485","targetHints":{"allow":["GET"]}}],"collection":[{"href":"https:\/\/radiobitacora.com.ar\/web\/wp-json\/wp\/v2\/posts"}],"about":[{"href":"https:\/\/radiobitacora.com.ar\/web\/wp-json\/wp\/v2\/types\/post"}],"author":[{"embeddable":true,"href":"https:\/\/radiobitacora.com.ar\/web\/wp-json\/wp\/v2\/users\/2"}],"replies":[{"embeddable":true,"href":"https:\/\/radiobitacora.com.ar\/web\/wp-json\/wp\/v2\/comments?post=26485"}],"version-history":[{"count":0,"href":"https:\/\/radiobitacora.com.ar\/web\/wp-json\/wp\/v2\/posts\/26485\/revisions"}],"wp:featuredmedia":[{"embeddable":true,"href":"https:\/\/radiobitacora.com.ar\/web\/wp-json\/wp\/v2\/media\/26487"}],"wp:attachment":[{"href":"https:\/\/radiobitacora.com.ar\/web\/wp-json\/wp\/v2\/media?parent=26485"}],"wp:term":[{"taxonomy":"category","embeddable":true,"href":"https:\/\/radiobitacora.com.ar\/web\/wp-json\/wp\/v2\/categories?post=26485"},{"taxonomy":"post_tag","embeddable":true,"href":"https:\/\/radiobitacora.com.ar\/web\/wp-json\/wp\/v2\/tags?post=26485"}],"curies":[{"name":"wp","href":"https:\/\/api.w.org\/{rel}","templated":true}]}}