{"id":26516,"date":"2025-09-27T19:23:54","date_gmt":"2025-09-27T22:23:54","guid":{"rendered":"https:\/\/radiobitacora.com.ar\/web\/?p=26516"},"modified":"2025-09-27T19:23:54","modified_gmt":"2025-09-27T22:23:54","slug":"curso-de-armadores-de-cigarros-y-puros-2","status":"publish","type":"post","link":"https:\/\/radiobitacora.com.ar\/web\/2025\/09\/27\/curso-de-armadores-de-cigarros-y-puros-2\/","title":{"rendered":"CURSO DE ARMADORES DE CIGARROS Y PUROS"},"content":{"rendered":"<p>&nbsp;<\/p>\n<p>Inicia la capacitaci\u00f3n el pr\u00f3ximo mi\u00e9rcoles 1 de diciembre en el local de Juan Esteban Mart\u00ednez 52. Se encuentra abierto el periodo de inscripci\u00f3n.<\/p>\n<p>&nbsp;<\/p>\n<p>La Municipalidad de Goya a trav\u00e9s de la Secretar\u00eda de Producci\u00f3n y la Direcci\u00f3n de Empleo ofrecen este curso destinado al armado de estos productos que dan identidad a la producci\u00f3n tabacalera de la zona.<\/p>\n<p>&nbsp;<\/p>\n<p>La capacitaci\u00f3n se dictar\u00e1 los d\u00edas jueves y viernes de 17 a 19 horas, en el local de la Cooperativa \u201cAlma de Tabaco\u201d, sito en Juan Esteban Mart\u00ednez 52. La formaci\u00f3n tiene una duraci\u00f3n de 2 meses de capacitaci\u00f3n intensiva.<\/p>\n<p>&nbsp;<\/p>\n<p>Vale mencionar que el curso de armadores de cigarros y puros cuenta con la certificaci\u00f3n de la Municipalidad de Goya y el aval de la Secretar\u00eda de Trabajo de la Provincia de Corrientes.<\/p>\n<p>&nbsp;<\/p>\n<p>Est\u00e1 destinada a personas mayores de 16 a\u00f1os, para lo cual deber\u00e1n completar el formulario de manera virtual, online, v\u00eda el siguiente link:\u00a0<a href=\"https:\/\/forms.gle\/S8nhDRvGSCVeeEEfA\" data-saferedirecturl=\"https:\/\/www.google.com\/url?q=https:\/\/forms.gle\/S8nhDRvGSCVeeEEfA&amp;source=gmail&amp;ust=1759097397192000&amp;usg=AOvVaw0y5SohX8ECdNT5yYgVKrFR\">https:\/\/forms.gle\/S8nhDRvGSCVeeEEfA<\/a>. Luego, confirmar la inscripci\u00f3n de manera presencial en la Oficina de Empleo, sita en avenida Neustadt 110, de lunes a viernes de 7 a 13 horas, para lo cual deber\u00e1n concurrir con la fotocopia del DNI.<\/p>\n<p>&nbsp;<\/p>\n<p>La apertura del curso est\u00e1 establecida para el pr\u00f3ximo mi\u00e9rcoles 1 de octubre, en el local de la Cooperativa \u201cAlma de Tabaco\u201d, Juan Esteban Mart\u00ednez 52. Despu\u00e9s de los dos meses de formaci\u00f3n recibir\u00e1n la certificaci\u00f3n correspondiente con el aval de la Municipalidad y la Provincia.<\/p>\n<p>&nbsp;<\/p>\n<p>Direcci\u00f3n de Prensa &#8211; Municipalidad de Goya<\/p>\n","protected":false},"excerpt":{"rendered":"<p>&nbsp; Inicia la capacitaci\u00f3n el pr\u00f3ximo mi\u00e9rcoles 1 de diciembre en el local de Juan Esteban Mart\u00ednez 52. Se encuentra abierto el periodo de inscripci\u00f3n. &nbsp; La Municipalidad de Goya a trav\u00e9s de la Secretar\u00eda de Producci\u00f3n y la Direcci\u00f3n de Empleo ofrecen este curso destinado al armado de estos productos que dan identidad a [&hellip;]<\/p>\n","protected":false},"author":2,"featured_media":26517,"comment_status":"closed","ping_status":"closed","sticky":false,"template":"","format":"standard","meta":{"footnotes":""},"categories":[56],"tags":[],"class_list":{"0":"post-26516","1":"post","2":"type-post","3":"status-publish","4":"format-standard","5":"has-post-thumbnail","7":"category-locales"},"_links":{"self":[{"href":"https:\/\/radiobitacora.com.ar\/web\/wp-json\/wp\/v2\/posts\/26516","targetHints":{"allow":["GET"]}}],"collection":[{"href":"https:\/\/radiobitacora.com.ar\/web\/wp-json\/wp\/v2\/posts"}],"about":[{"href":"https:\/\/radiobitacora.com.ar\/web\/wp-json\/wp\/v2\/types\/post"}],"author":[{"embeddable":true,"href":"https:\/\/radiobitacora.com.ar\/web\/wp-json\/wp\/v2\/users\/2"}],"replies":[{"embeddable":true,"href":"https:\/\/radiobitacora.com.ar\/web\/wp-json\/wp\/v2\/comments?post=26516"}],"version-history":[{"count":0,"href":"https:\/\/radiobitacora.com.ar\/web\/wp-json\/wp\/v2\/posts\/26516\/revisions"}],"wp:featuredmedia":[{"embeddable":true,"href":"https:\/\/radiobitacora.com.ar\/web\/wp-json\/wp\/v2\/media\/26517"}],"wp:attachment":[{"href":"https:\/\/radiobitacora.com.ar\/web\/wp-json\/wp\/v2\/media?parent=26516"}],"wp:term":[{"taxonomy":"category","embeddable":true,"href":"https:\/\/radiobitacora.com.ar\/web\/wp-json\/wp\/v2\/categories?post=26516"},{"taxonomy":"post_tag","embeddable":true,"href":"https:\/\/radiobitacora.com.ar\/web\/wp-json\/wp\/v2\/tags?post=26516"}],"curies":[{"name":"wp","href":"https:\/\/api.w.org\/{rel}","templated":true}]}}