{"id":26539,"date":"2025-09-29T09:49:58","date_gmt":"2025-09-29T12:49:58","guid":{"rendered":"https:\/\/radiobitacora.com.ar\/web\/?p=26539"},"modified":"2025-09-29T09:49:58","modified_gmt":"2025-09-29T12:49:58","slug":"noche-de-concierto-velada-de-gala-en-el-teatro-municipal","status":"publish","type":"post","link":"https:\/\/radiobitacora.com.ar\/web\/2025\/09\/29\/noche-de-concierto-velada-de-gala-en-el-teatro-municipal\/","title":{"rendered":"NOCHE DE CONCIERTO  Velada de Gala en el Teatro Municipal"},"content":{"rendered":"<p style=\"font-weight: 400;\">\n<p style=\"font-weight: 400;\">El teatro municipal fue el \u00e1mbito adecuado para la realizaci\u00f3n del Primer Encuentro de Orquestas, con la participaci\u00f3n de la Orquesta de C\u00e1mara de la Escuela Municipal de M\u00fasica y la Escuela de Artes Musicales\u00a0<a href=\"http:\/\/da.ci\/\" data-saferedirecturl=\"https:\/\/www.google.com\/url?q=http:\/\/DA.CI&amp;source=gmail&amp;ust=1759236325676000&amp;usg=AOvVaw2jVfW0dON84wo9YLtEeFWc\">DA.CI<\/a>\u00a0de la ciudad de Monte Caseros, deleitando en la noche del s\u00e1bado al p\u00fablico con un concierto de excelente nivel art\u00edstico musical.<\/p>\n<p style=\"font-weight: 400;\"><img loading=\"lazy\" decoding=\"async\" class=\"wp-image-26540 alignleft\" src=\"https:\/\/radiobitacora.com.ar\/web\/wp-content\/uploads\/2025\/09\/primer-encuentro-de-Orquestas-en-el-Teatro-1.jpg\" alt=\"\" width=\"357\" height=\"238\" srcset=\"https:\/\/radiobitacora.com.ar\/web\/wp-content\/uploads\/2025\/09\/primer-encuentro-de-Orquestas-en-el-Teatro-1.jpg 1600w, https:\/\/radiobitacora.com.ar\/web\/wp-content\/uploads\/2025\/09\/primer-encuentro-de-Orquestas-en-el-Teatro-1-696x464.jpg 696w, https:\/\/radiobitacora.com.ar\/web\/wp-content\/uploads\/2025\/09\/primer-encuentro-de-Orquestas-en-el-Teatro-1-1068x712.jpg 1068w, https:\/\/radiobitacora.com.ar\/web\/wp-content\/uploads\/2025\/09\/primer-encuentro-de-Orquestas-en-el-Teatro-1-630x420.jpg 630w\" sizes=\"auto, (max-width: 357px) 100vw, 357px\" \/><\/p>\n<p style=\"font-weight: 400;\">La invitaci\u00f3n cursada por la Escuela Municipal de M\u00fasica \u201cAlcides Romero\u201d encontr\u00f3 la respuesta de su similar de Monte Caseros, que al decir de uno de sus creadores y directores Joaqu\u00edn Dalmazo en su primer a\u00f1o de conformaci\u00f3n en Goya era su presentaci\u00f3n oficial, agradeciendo la oportunidad de estar en un concierto de estas caracter\u00edsticas, poniendo el valor de la \u201cgeneraci\u00f3n de espacios y oportunidades para m\u00fasicos que est\u00e1n en un proceso de formaci\u00f3n.\u201d<\/p>\n<p style=\"font-weight: 400;\">Vale se\u00f1alar que ambas escuelas tienen el aval del Conservatorio Fracassi, siendo la de Monte Caseros una filial del mencionado conservatorio.<\/p>\n<p style=\"font-weight: 400;\">\n<p style=\"font-weight: 400;\">La apertura de la gala estuvo a cargo de la Orquesta de C\u00e1mara de la Escuela Municipal de M\u00fasica, bajo la direcci\u00f3n del Profesor Gustavo Demarchi, proponiendo a los espectadores un recorrido musical por un variado repertorio que incluyo chamam\u00e9, folclore, cl\u00e1sicos de la m\u00fasica internacional y del rock nacional, lo cual hizo vibrar la sala del Teatro Municipal, que devolvi\u00f3 la demostraci\u00f3n art\u00edstica, celebrando cada interpretaci\u00f3n con un cerrado aplauso, con una nota de color, la participaci\u00f3n de un ni\u00f1o que invitado por la Orquesta interpreto el canto recibiendo la calidez de los aplausos del p\u00fablico.<\/p>\n<p style=\"font-weight: 400;\">\n<p style=\"font-weight: 400;\">En la continuidad del concierto la Escuela de Artes Musicales de Monte Caseros, prosigui\u00f3 con la l\u00ednea de excelencia en las ejecuciones del repertorio, sumando dos voces que han sabido deleitar a los espectadores con \u201ccl\u00e1sicos\u201d del rock nacional e internacional, sumando los acordes de los integrantes de la orquesta que han brindado un gran show.<\/p>\n<p style=\"font-weight: 400;\">Los datos destacados para aportar de la escuela de la costa del Rio Uruguay;\u00a0<a href=\"http:\/\/da.ci\/\" data-saferedirecturl=\"https:\/\/www.google.com\/url?q=http:\/\/DA.CI&amp;source=gmail&amp;ust=1759236325676000&amp;usg=AOvVaw2jVfW0dON84wo9YLtEeFWc\">DA.CI<\/a>\u00a0comenz\u00f3 a funcionar en diciembre del 2024; fundada por Joaqu\u00edn Dalmazo y Ram\u00f3n Ciucio. Con la motivaci\u00f3n de poder transmitir a las futuras generaciones todas las alegr\u00edas y gratificaciones que la m\u00fasica ha sabido otorgar a sus creadores, conformando un gran equipo de trabajo, con el aval del conservatorio Fracassi, permitiendo ser su nueva filial en Monte Caseros.<\/p>\n<p style=\"font-weight: 400;\">En nombre de la escuela de Caseros, Joaqu\u00edn Dalmazo reconoci\u00f3 el gesto de la Municipalidad de Goya, de la Direcci\u00f3n de Cultura, de la escuela de M\u00fasica que ha posibilitado mostrar su camino de aprendizaje en el concierto realizado en el Teatro Municipal.<\/p>\n<p><img loading=\"lazy\" decoding=\"async\" class=\"wp-image-26541 alignleft\" src=\"https:\/\/radiobitacora.com.ar\/web\/wp-content\/uploads\/2025\/09\/primer-encuentro-de-Orquestas-en-el-Teatro-4.jpg\" alt=\"\" width=\"335\" height=\"223\" srcset=\"https:\/\/radiobitacora.com.ar\/web\/wp-content\/uploads\/2025\/09\/primer-encuentro-de-Orquestas-en-el-Teatro-4.jpg 1600w, https:\/\/radiobitacora.com.ar\/web\/wp-content\/uploads\/2025\/09\/primer-encuentro-de-Orquestas-en-el-Teatro-4-696x464.jpg 696w, https:\/\/radiobitacora.com.ar\/web\/wp-content\/uploads\/2025\/09\/primer-encuentro-de-Orquestas-en-el-Teatro-4-1068x712.jpg 1068w, https:\/\/radiobitacora.com.ar\/web\/wp-content\/uploads\/2025\/09\/primer-encuentro-de-Orquestas-en-el-Teatro-4-630x420.jpg 630w\" sizes=\"auto, (max-width: 335px) 100vw, 335px\" \/><\/p>\n<p style=\"font-weight: 400;\">Para el final del encuentro ambas orquestas interpretaron de manera conjunta un tema con la direcci\u00f3n de Gustavo Demarchi.<\/p>\n<p style=\"font-weight: 400;\">Finalizada la actuaci\u00f3n, el Director de la Escuela de M\u00fasica, hizo entrega de un reconocimiento a la Escuela de Artes Musicales\u00a0<a href=\"http:\/\/da.ci\/\" data-saferedirecturl=\"https:\/\/www.google.com\/url?q=http:\/\/DA.CI&amp;source=gmail&amp;ust=1759236325676000&amp;usg=AOvVaw2jVfW0dON84wo9YLtEeFWc\">DA.CI<\/a>\u00a0de Monte Caseros, retribuyendo el gesto los visitantes con el obsequio de un presente como muestra de su gratitud por ser parte de este concierto.<\/p>\n<p style=\"font-weight: 400;\">\n<p style=\"font-weight: 400;\">Los Directores de la escuela de M\u00fasica Lisandro Mart\u00ednez y de la Orquesta Gustavo Demarchi, coincidieron en el valor cultural de las escuelas, del apoyo permanente recibido desde la Municipalidad, destacando el sostenimiento de estos proyectos por parte del Director de Cultura Manuel \u201cLito\u201d Zampar, quien acompa\u00f1o la velada, agradeciendo por la visita, afirmando que el arte es la expresi\u00f3n que ayuda a \u201csalvar, contener e incluir\u201d para concluir agradecieron al p\u00fablico por su presencia, comprometi\u00e9ndose a generar estos espacios que visibilicen la actividad art\u00edstica y cultural de la ciudad.<\/p>\n<p style=\"font-weight: 400;\">\n<p style=\"font-weight: 400;\">Direcci\u00f3n de Prensa-Municipalidad de Goya<\/p>\n","protected":false},"excerpt":{"rendered":"<p>El teatro municipal fue el \u00e1mbito adecuado para la realizaci\u00f3n del Primer Encuentro de Orquestas, con la participaci\u00f3n de la Orquesta de C\u00e1mara de la Escuela Municipal de M\u00fasica y la Escuela de Artes Musicales\u00a0DA.CI\u00a0de la ciudad de Monte Caseros, deleitando en la noche del s\u00e1bado al p\u00fablico con un concierto de excelente nivel art\u00edstico [&hellip;]<\/p>\n","protected":false},"author":2,"featured_media":26542,"comment_status":"closed","ping_status":"closed","sticky":false,"template":"","format":"standard","meta":{"footnotes":""},"categories":[56],"tags":[],"class_list":{"0":"post-26539","1":"post","2":"type-post","3":"status-publish","4":"format-standard","5":"has-post-thumbnail","7":"category-locales"},"_links":{"self":[{"href":"https:\/\/radiobitacora.com.ar\/web\/wp-json\/wp\/v2\/posts\/26539","targetHints":{"allow":["GET"]}}],"collection":[{"href":"https:\/\/radiobitacora.com.ar\/web\/wp-json\/wp\/v2\/posts"}],"about":[{"href":"https:\/\/radiobitacora.com.ar\/web\/wp-json\/wp\/v2\/types\/post"}],"author":[{"embeddable":true,"href":"https:\/\/radiobitacora.com.ar\/web\/wp-json\/wp\/v2\/users\/2"}],"replies":[{"embeddable":true,"href":"https:\/\/radiobitacora.com.ar\/web\/wp-json\/wp\/v2\/comments?post=26539"}],"version-history":[{"count":0,"href":"https:\/\/radiobitacora.com.ar\/web\/wp-json\/wp\/v2\/posts\/26539\/revisions"}],"wp:featuredmedia":[{"embeddable":true,"href":"https:\/\/radiobitacora.com.ar\/web\/wp-json\/wp\/v2\/media\/26542"}],"wp:attachment":[{"href":"https:\/\/radiobitacora.com.ar\/web\/wp-json\/wp\/v2\/media?parent=26539"}],"wp:term":[{"taxonomy":"category","embeddable":true,"href":"https:\/\/radiobitacora.com.ar\/web\/wp-json\/wp\/v2\/categories?post=26539"},{"taxonomy":"post_tag","embeddable":true,"href":"https:\/\/radiobitacora.com.ar\/web\/wp-json\/wp\/v2\/tags?post=26539"}],"curies":[{"name":"wp","href":"https:\/\/api.w.org\/{rel}","templated":true}]}}