{"id":26555,"date":"2025-09-29T10:10:14","date_gmt":"2025-09-29T13:10:14","guid":{"rendered":"https:\/\/radiobitacora.com.ar\/web\/?p=26555"},"modified":"2025-09-29T10:10:14","modified_gmt":"2025-09-29T13:10:14","slug":"mundial-de-trail-canfranc-espana","status":"publish","type":"post","link":"https:\/\/radiobitacora.com.ar\/web\/2025\/09\/29\/mundial-de-trail-canfranc-espana\/","title":{"rendered":"MUNDIAL DE TRAIL CANFRANC ESPA\u00d1A"},"content":{"rendered":"<p style=\"font-weight: 400;\">El orgullo de la representante argentina, la goyana Brenda Insaurralde en su incursi\u00f3n por los Pirineos<\/p>\n<p style=\"font-weight: 400;\">Para los amantes del running, un domingo que \u201cson\u00f3\u201d el despertador bien temprano, a la madrugada, a las 3 y 15 horas de nuestro pa\u00eds, la joven corredora Brenda Insaurralde hacia su experiencia en el Mundial de Trail de Monta\u00f1a, logrando el puesto 54 entre 70 competidoras de los cinco continentes, registrando un tiempo de 52:55., que marca la extraordinaria aventura vivida por la deportista.<\/p>\n<p style=\"font-weight: 400;\">Desde las redes sociales, las expresiones se hicieron notar con \u201ces el comienzo de un largo camino, lleno de \u00e9xitos\u201d<\/p>\n<p style=\"font-weight: 400;\">Manifestando el orgullo de tama\u00f1a representaci\u00f3n con el aliento de \u201cVamos Peque\u201d, testimonios por toda una ciudad compartido.<\/p>\n<p style=\"font-weight: 400;\">Con apenas 16 a\u00f1os, la atleta correntina Brenda Insaurralde fue la m\u00e1s joven del certamen y complet\u00f3 El Mundial U20 de Trail y Monta\u00f1a en Canfranc, Espa\u00f1a<\/p>\n<p style=\"font-weight: 400;\">En la clasificaci\u00f3n sudamericana, Brenda se ubic\u00f3 cuarta, detr\u00e1s de las tres representantes de Ecuador.<\/p>\n<p style=\"font-weight: 400;\">Con salida y llegada en la estaci\u00f3n Canfranc, las atletas recorrieron 7,5 km con un desnivel positivo de 400 metros.<\/p>\n<p style=\"font-weight: 400;\">El triunfo se llev\u00f3 la alemana Julia Eherle, mientras que el podio lo completaron dos ugandesas Nancy Chepkwurui y Felister Chepwemoi.<\/p>\n<p style=\"font-weight: 400;\">Entre los varones, Uganda domin\u00f3 la carrera y cubri\u00f3 los tres lugares del podio con Titus Musau, Eros Chebet y Abraham Cherotich.<\/p>\n<p style=\"font-weight: 400;\">\n<p style=\"font-weight: 400;\">Felicitaciones Brenda Insaurralde.<\/p>\n<p style=\"font-weight: 400;\">(Gracias por el aporte a Goya Corre)<\/p>\n<p style=\"font-weight: 400;\">\n<p style=\"font-weight: 400;\">Direcci\u00f3n de Prensa- Municipalidad de Goya<\/p>\n","protected":false},"excerpt":{"rendered":"<p>El orgullo de la representante argentina, la goyana Brenda Insaurralde en su incursi\u00f3n por los Pirineos Para los amantes del running, un domingo que \u201cson\u00f3\u201d el despertador bien temprano, a la madrugada, a las 3 y 15 horas de nuestro pa\u00eds, la joven corredora Brenda Insaurralde hacia su experiencia en el Mundial de Trail de [&hellip;]<\/p>\n","protected":false},"author":2,"featured_media":26556,"comment_status":"closed","ping_status":"closed","sticky":false,"template":"","format":"standard","meta":{"footnotes":""},"categories":[56],"tags":[],"class_list":{"0":"post-26555","1":"post","2":"type-post","3":"status-publish","4":"format-standard","5":"has-post-thumbnail","7":"category-locales"},"_links":{"self":[{"href":"https:\/\/radiobitacora.com.ar\/web\/wp-json\/wp\/v2\/posts\/26555","targetHints":{"allow":["GET"]}}],"collection":[{"href":"https:\/\/radiobitacora.com.ar\/web\/wp-json\/wp\/v2\/posts"}],"about":[{"href":"https:\/\/radiobitacora.com.ar\/web\/wp-json\/wp\/v2\/types\/post"}],"author":[{"embeddable":true,"href":"https:\/\/radiobitacora.com.ar\/web\/wp-json\/wp\/v2\/users\/2"}],"replies":[{"embeddable":true,"href":"https:\/\/radiobitacora.com.ar\/web\/wp-json\/wp\/v2\/comments?post=26555"}],"version-history":[{"count":0,"href":"https:\/\/radiobitacora.com.ar\/web\/wp-json\/wp\/v2\/posts\/26555\/revisions"}],"wp:featuredmedia":[{"embeddable":true,"href":"https:\/\/radiobitacora.com.ar\/web\/wp-json\/wp\/v2\/media\/26556"}],"wp:attachment":[{"href":"https:\/\/radiobitacora.com.ar\/web\/wp-json\/wp\/v2\/media?parent=26555"}],"wp:term":[{"taxonomy":"category","embeddable":true,"href":"https:\/\/radiobitacora.com.ar\/web\/wp-json\/wp\/v2\/categories?post=26555"},{"taxonomy":"post_tag","embeddable":true,"href":"https:\/\/radiobitacora.com.ar\/web\/wp-json\/wp\/v2\/tags?post=26555"}],"curies":[{"name":"wp","href":"https:\/\/api.w.org\/{rel}","templated":true}]}}