{"id":26564,"date":"2025-09-30T10:32:19","date_gmt":"2025-09-30T13:32:19","guid":{"rendered":"https:\/\/radiobitacora.com.ar\/web\/?p=26564"},"modified":"2025-09-30T10:34:44","modified_gmt":"2025-09-30T13:34:44","slug":"master-class-de-masajes","status":"publish","type":"post","link":"https:\/\/radiobitacora.com.ar\/web\/2025\/09\/30\/master-class-de-masajes\/","title":{"rendered":"MASTER CLASS DE MASAJES"},"content":{"rendered":"<p style=\"font-weight: 400;\">Con el acompa\u00f1amiento de la Municipalidad de Goya, desde la Direcci\u00f3n de Empleo el pasado s\u00e1bado se desarroll\u00f3 en casa del Bicentenario la Master Class de Masajes a cargo de la esteticista del Instituto Tierras del Volc\u00e1n, Julia Acevedo.<\/p>\n<p style=\"font-weight: 400;\">El objetivo de esta capacitaci\u00f3n consisti\u00f3 en brindar herramientas de capacitaci\u00f3n profesional en el \u00e1rea del bienestar corporal y la est\u00e9tica, generando perfiles y oportunidades laborales para quienes buscan desarrollarse en este rubro.<\/p>\n<p style=\"font-weight: 400;\">Durante la jornada, los asistentes pudieron aprender t\u00e9cnicas de masajes para reducci\u00f3n de abdomen, levantamiento de gl\u00fateos y para las piernas cansadas.<\/p>\n<p style=\"font-weight: 400;\">La Direcci\u00f3n de Empleo destaca y agradece la participaci\u00f3n de las personas que, aun con las malas condiciones clim\u00e1ticas (lluvia intensa), asistieron a este espacio de aprendizaje, como as\u00ed tambi\u00e9n a la profesional Julia Acevedo y su equipo por el compromiso y dedicaci\u00f3n.<\/p>\n<p style=\"font-weight: 400;\">Por su parte, la profesional agradeci\u00f3 a la Municipalidad por \u201cgenerar este espacio de aprendizaje, a cada uno de los participantes, que no dieron bolilla a la lluvia, para asimilar conocimientos; gracias a la Direcci\u00f3n de Empleo por permitir este \u00e1mbito de capacitaci\u00f3n personal y de adquirir conocimientos para emprender una profesi\u00f3n\u201d.<\/p>\n<p style=\"font-weight: 400;\">NUEVOS CURSOS DE CAPACITACI\u00d3N<\/p>\n<p style=\"font-weight: 400;\">La Direcci\u00f3n de Empleo inform\u00f3 que se encuentran disponibles varios cursos de capacitaci\u00f3n, como ser el de Dise\u00f1o Gr\u00e1fico, que, si bien inici\u00f3 la semana pasada, existen cupos disponibles para los interesados.<\/p>\n<p style=\"font-weight: 400;\">Asimismo, comunic\u00f3 la disponibilidad del Curso de Carpinter\u00eda B\u00e1sica, a dictarse los d\u00edas lunes y martes de 8 a 11 horas, en el box de la Oficina de Empleo.<\/p>\n<p style=\"font-weight: 400;\">Para mayor informaci\u00f3n podr\u00e1n dirigirse a la oficina de Empleo, sita en Avenida Neustadt 110.<\/p>\n<p style=\"font-weight: 400;\">Direcci\u00f3n de Prensa &#8211; Municipalidad de Goya<\/p>\n","protected":false},"excerpt":{"rendered":"<p>Con el acompa\u00f1amiento de la Municipalidad de Goya, desde la Direcci\u00f3n de Empleo el pasado s\u00e1bado se desarroll\u00f3 en casa del Bicentenario la Master Class de Masajes a cargo de la esteticista del Instituto Tierras del Volc\u00e1n, Julia Acevedo. El objetivo de esta capacitaci\u00f3n consisti\u00f3 en brindar herramientas de capacitaci\u00f3n profesional en el \u00e1rea del [&hellip;]<\/p>\n","protected":false},"author":2,"featured_media":26565,"comment_status":"open","ping_status":"open","sticky":false,"template":"","format":"standard","meta":{"footnotes":""},"categories":[56],"tags":[],"class_list":{"0":"post-26564","1":"post","2":"type-post","3":"status-publish","4":"format-standard","5":"has-post-thumbnail","7":"category-locales"},"_links":{"self":[{"href":"https:\/\/radiobitacora.com.ar\/web\/wp-json\/wp\/v2\/posts\/26564","targetHints":{"allow":["GET"]}}],"collection":[{"href":"https:\/\/radiobitacora.com.ar\/web\/wp-json\/wp\/v2\/posts"}],"about":[{"href":"https:\/\/radiobitacora.com.ar\/web\/wp-json\/wp\/v2\/types\/post"}],"author":[{"embeddable":true,"href":"https:\/\/radiobitacora.com.ar\/web\/wp-json\/wp\/v2\/users\/2"}],"replies":[{"embeddable":true,"href":"https:\/\/radiobitacora.com.ar\/web\/wp-json\/wp\/v2\/comments?post=26564"}],"version-history":[{"count":0,"href":"https:\/\/radiobitacora.com.ar\/web\/wp-json\/wp\/v2\/posts\/26564\/revisions"}],"wp:featuredmedia":[{"embeddable":true,"href":"https:\/\/radiobitacora.com.ar\/web\/wp-json\/wp\/v2\/media\/26565"}],"wp:attachment":[{"href":"https:\/\/radiobitacora.com.ar\/web\/wp-json\/wp\/v2\/media?parent=26564"}],"wp:term":[{"taxonomy":"category","embeddable":true,"href":"https:\/\/radiobitacora.com.ar\/web\/wp-json\/wp\/v2\/categories?post=26564"},{"taxonomy":"post_tag","embeddable":true,"href":"https:\/\/radiobitacora.com.ar\/web\/wp-json\/wp\/v2\/tags?post=26564"}],"curies":[{"name":"wp","href":"https:\/\/api.w.org\/{rel}","templated":true}]}}