{"id":26579,"date":"2025-09-30T18:09:35","date_gmt":"2025-09-30T21:09:35","guid":{"rendered":"https:\/\/radiobitacora.com.ar\/web\/?p=26579"},"modified":"2025-09-30T18:17:47","modified_gmt":"2025-09-30T21:17:47","slug":"delegacion-correntina-rumbo-a-la-feria-nacional-de-ciencia-y-tecnologia-en-posadas","status":"publish","type":"post","link":"https:\/\/radiobitacora.com.ar\/web\/2025\/09\/30\/delegacion-correntina-rumbo-a-la-feria-nacional-de-ciencia-y-tecnologia-en-posadas\/","title":{"rendered":"DELEGACI\u00d3N CORRENTINA RUMBO A LA FERIA NACIONAL DE CIENCIA Y TECNOLOG\u00cdA EN POSADAS"},"content":{"rendered":"<p style=\"font-weight: 400;\">En la ma\u00f1ana de este martes 30 de septiembre, a las 8.30 horas, parti\u00f3 desde Corrientes Capital hacia la ciudad de Posadas (Misiones) la delegaci\u00f3n correntina que representar\u00e1 a la provincia en la Primera Fase de la Feria Nacional de Ciencia y Tecnolog\u00eda.<\/p>\n<p style=\"font-weight: 400;\">La instancia nacional, que se desarrollar\u00e1 desde ma\u00f1ana mi\u00e9rcoles hasta el viernes, reunir\u00e1 a equipos de estudiantes y docentes de todo el pa\u00eds, quienes expondr\u00e1n sus proyectos en torno al eje Matem\u00e1tico, combinando innovaci\u00f3n, creatividad y propuestas pedag\u00f3gicas.<\/p>\n<p style=\"font-weight: 400;\">Corrientes presentar\u00e1 cuatro proyectos seleccionados en la etapa provincial:<\/p>\n<ul>\n<li style=\"font-weight: 400;\">\u201cLa Kermesse de n\u00fameros divertidos\u201d, de la Escuela Especial Helen Keller (Capital).<\/li>\n<li style=\"font-weight: 400;\">\u201cGeoarte\u201d, de la Escuela Primaria N\u00ba 13 Rep\u00fablica del Per\u00fa (Capital).<\/li>\n<li style=\"font-weight: 400;\">\u201cZoom-Metr\u00eda\u201d, de la Escuela Primaria N\u00ba 254 Pedro D\u00edaz Colodrero (Goya).<\/li>\n<li style=\"font-weight: 400;\">\u201c\u00bfSuerte o simplemente matem\u00e1ticas?\u201d, del Colegio Secundario Fray Bola\u00f1os (Itat\u00ed).<\/li>\n<\/ul>\n<p style=\"font-weight: 400;\">A ellos se suma tambi\u00e9n la participaci\u00f3n especial de un estudiante de 6\u00ba grado y una docente de la Escuela Primaria N\u00ba 16 de Bella Vista, quienes se destacaron en el Desaf\u00edo Matem\u00e1tico y tendr\u00e1n su espacio de exposici\u00f3n.<\/p>\n<p style=\"font-weight: 400;\">Durante tres jornadas consecutivas, los equipos deber\u00e1n presentar y defender sus trabajos educativos, al tiempo que compartir\u00e1n experiencias, aprendizajes y buenas pr\u00e1cticas con j\u00f3venes y educadores de otras provincias.<\/p>\n<p style=\"font-weight: 400;\">De esta manera, Corrientes vuelve a estar presente en un evento nacional que no solo busca estimular la ense\u00f1anza de las ciencias y la matem\u00e1tica, sino tambi\u00e9n poner en valor la creatividad y la capacidad de los estudiantes para vincular el conocimiento con la vida cotidiana.<\/p>\n<p style=\"font-weight: 400;\">Direcci\u00f3n de Prensa \u2013 Municipalidad de Goya.<\/p>\n","protected":false},"excerpt":{"rendered":"<p>En la ma\u00f1ana de este martes 30 de septiembre, a las 8.30 horas, parti\u00f3 desde Corrientes Capital hacia la ciudad de Posadas (Misiones) la delegaci\u00f3n correntina que representar\u00e1 a la provincia en la Primera Fase de la Feria Nacional de Ciencia y Tecnolog\u00eda. La instancia nacional, que se desarrollar\u00e1 desde ma\u00f1ana mi\u00e9rcoles hasta el viernes, [&hellip;]<\/p>\n","protected":false},"author":2,"featured_media":26580,"comment_status":"open","ping_status":"open","sticky":false,"template":"","format":"standard","meta":{"footnotes":""},"categories":[56],"tags":[],"class_list":{"0":"post-26579","1":"post","2":"type-post","3":"status-publish","4":"format-standard","5":"has-post-thumbnail","7":"category-locales"},"_links":{"self":[{"href":"https:\/\/radiobitacora.com.ar\/web\/wp-json\/wp\/v2\/posts\/26579","targetHints":{"allow":["GET"]}}],"collection":[{"href":"https:\/\/radiobitacora.com.ar\/web\/wp-json\/wp\/v2\/posts"}],"about":[{"href":"https:\/\/radiobitacora.com.ar\/web\/wp-json\/wp\/v2\/types\/post"}],"author":[{"embeddable":true,"href":"https:\/\/radiobitacora.com.ar\/web\/wp-json\/wp\/v2\/users\/2"}],"replies":[{"embeddable":true,"href":"https:\/\/radiobitacora.com.ar\/web\/wp-json\/wp\/v2\/comments?post=26579"}],"version-history":[{"count":0,"href":"https:\/\/radiobitacora.com.ar\/web\/wp-json\/wp\/v2\/posts\/26579\/revisions"}],"wp:featuredmedia":[{"embeddable":true,"href":"https:\/\/radiobitacora.com.ar\/web\/wp-json\/wp\/v2\/media\/26580"}],"wp:attachment":[{"href":"https:\/\/radiobitacora.com.ar\/web\/wp-json\/wp\/v2\/media?parent=26579"}],"wp:term":[{"taxonomy":"category","embeddable":true,"href":"https:\/\/radiobitacora.com.ar\/web\/wp-json\/wp\/v2\/categories?post=26579"},{"taxonomy":"post_tag","embeddable":true,"href":"https:\/\/radiobitacora.com.ar\/web\/wp-json\/wp\/v2\/tags?post=26579"}],"curies":[{"name":"wp","href":"https:\/\/api.w.org\/{rel}","templated":true}]}}