{"id":26608,"date":"2025-10-01T08:03:13","date_gmt":"2025-10-01T11:03:13","guid":{"rendered":"https:\/\/radiobitacora.com.ar\/web\/?p=26608"},"modified":"2025-10-01T08:03:13","modified_gmt":"2025-10-01T11:03:13","slug":"dos-obreros-murieron-electrocutados-en-el-interior-de-corrientes","status":"publish","type":"post","link":"https:\/\/radiobitacora.com.ar\/web\/2025\/10\/01\/dos-obreros-murieron-electrocutados-en-el-interior-de-corrientes\/","title":{"rendered":"DOS OBREROS MURIERON ELECTROCUTADOS EN EL INTERIOR DE CORRIENTES"},"content":{"rendered":"<header>\n<div>\n<div>\n<p>Ayer, alrededor de las 19:50, se produjo un tr\u00e1gico accidente de trabajo en un galp\u00f3n en construcci\u00f3n ubicado en Ruta Provincial N\u00b027 y Avenida Alfons\u00edn, en la localidad de Santa Luc\u00eda. Dos obreros murieron electrocutados cuando realizaban tareas de mantenimiento en las canaletas.<\/p>\n<\/div>\n<div class=\"meta\"><time>1 de Octubre, 2025<\/time><\/div>\n<\/div>\n<\/header>\n<section class=\"body\">\n<section class=\"content\">\n<div class=\"main-text\">\n<div class=\"social\">\n<div class=\"share\"><\/div>\n<\/div>\n<p>Las v\u00edctimas fueron identificadas como Olivo David Alejandro, con domicilio en la ciudad de Goya, y C\u00e1ceres Luis Alfredo, oriundo de Lavalle.<\/p>\n<div class=\" large m_image\">\n<figure><picture><source srcset=\"https:\/\/www.radiodos.com.ar\/content\/bucket\/3\/240083w790h437c.jpg.webp\" type=\"image\/webp\" media=\"(min-width: 640px)\" \/><source srcset=\"https:\/\/www.radiodos.com.ar\/content\/bucket\/3\/240083w440h243c.jpg.webp\" type=\"image\/webp\" media=\"(min-width: 300px)\" \/><source srcset=\"https:\/\/www.radiodos.com.ar\/content\/bucket\/3\/240083w790h437c.jpg\" media=\"(min-width: 300px)\" \/><img loading=\"lazy\" decoding=\"async\" class=\"pic\" src=\"https:\/\/www.radiodos.com.ar\/content\/bucket\/3\/240083w790h437c.jpg.webp\" alt=\"\" width=\"790\" height=\"437\" \/><\/picture><\/figure>\n<\/div>\n<p>Ambos se encontraban trabajando en la colocaci\u00f3n de canaletas de desag\u00fce cuando, de manera accidental, el andamio met\u00e1lico que utilizaban \u2014de m\u00e1s de seis metros de largo\u2014 hizo contacto con un tendido el\u00e9ctrico. La descarga provoc\u00f3 su fallecimiento inmediato en el lugar.<\/p>\n<p>En el hecho intervino personal de la Comisar\u00eda de Santa Luc\u00eda, junto a peritos de Goya bajo la supervisi\u00f3n del Comisario Mayor Marcelo Rojas y el Subcomisario Jos\u00e9 Romero.<\/p>\n<p>La Fiscal Mar\u00eda Eugenia Ballara dispuso que no se realice autopsia, autorizando la entrega de los cuerpos a sus familiares para el velatorio e inhumaci\u00f3n.<\/p>\n<p>Otras dos personas fueron trasladadas de urgencia al hospital local, donde permanecen en estado de shock.<\/p>\n<\/div>\n<\/section>\n<\/section>\n","protected":false},"excerpt":{"rendered":"<p>Ayer, alrededor de las 19:50, se produjo un tr\u00e1gico accidente de trabajo en un galp\u00f3n en construcci\u00f3n ubicado en Ruta Provincial N\u00b027 y Avenida Alfons\u00edn, en la localidad de Santa Luc\u00eda. Dos obreros murieron electrocutados cuando realizaban tareas de mantenimiento en las canaletas. 1 de Octubre, 2025 Las v\u00edctimas fueron identificadas como Olivo David Alejandro, [&hellip;]<\/p>\n","protected":false},"author":2,"featured_media":26609,"comment_status":"open","ping_status":"open","sticky":false,"template":"","format":"standard","meta":{"footnotes":""},"categories":[84],"tags":[],"class_list":{"0":"post-26608","1":"post","2":"type-post","3":"status-publish","4":"format-standard","5":"has-post-thumbnail","7":"category-policiales"},"_links":{"self":[{"href":"https:\/\/radiobitacora.com.ar\/web\/wp-json\/wp\/v2\/posts\/26608","targetHints":{"allow":["GET"]}}],"collection":[{"href":"https:\/\/radiobitacora.com.ar\/web\/wp-json\/wp\/v2\/posts"}],"about":[{"href":"https:\/\/radiobitacora.com.ar\/web\/wp-json\/wp\/v2\/types\/post"}],"author":[{"embeddable":true,"href":"https:\/\/radiobitacora.com.ar\/web\/wp-json\/wp\/v2\/users\/2"}],"replies":[{"embeddable":true,"href":"https:\/\/radiobitacora.com.ar\/web\/wp-json\/wp\/v2\/comments?post=26608"}],"version-history":[{"count":0,"href":"https:\/\/radiobitacora.com.ar\/web\/wp-json\/wp\/v2\/posts\/26608\/revisions"}],"wp:featuredmedia":[{"embeddable":true,"href":"https:\/\/radiobitacora.com.ar\/web\/wp-json\/wp\/v2\/media\/26609"}],"wp:attachment":[{"href":"https:\/\/radiobitacora.com.ar\/web\/wp-json\/wp\/v2\/media?parent=26608"}],"wp:term":[{"taxonomy":"category","embeddable":true,"href":"https:\/\/radiobitacora.com.ar\/web\/wp-json\/wp\/v2\/categories?post=26608"},{"taxonomy":"post_tag","embeddable":true,"href":"https:\/\/radiobitacora.com.ar\/web\/wp-json\/wp\/v2\/tags?post=26608"}],"curies":[{"name":"wp","href":"https:\/\/api.w.org\/{rel}","templated":true}]}}