{"id":26617,"date":"2025-10-01T08:12:48","date_gmt":"2025-10-01T11:12:48","guid":{"rendered":"https:\/\/radiobitacora.com.ar\/web\/?p=26617"},"modified":"2025-10-01T08:13:00","modified_gmt":"2025-10-01T11:13:00","slug":"arnoldo-rohner-queremos-insertar-a-esquina-en-el-contexto-del-crecimiento-de-corrientes","status":"publish","type":"post","link":"https:\/\/radiobitacora.com.ar\/web\/2025\/10\/01\/arnoldo-rohner-queremos-insertar-a-esquina-en-el-contexto-del-crecimiento-de-corrientes\/","title":{"rendered":"ARNOLDO ROHNER: &#8220;QUEREMOS INSERTAR A ESQUINA EN EL CONTEXTO DEL CRECIMIENTO DE CORRIENTES&#8221;"},"content":{"rendered":"<p>&#8220;Si bien es complejo el panorama electoral para la gente por la multiplicidad de propuestas, a nosotros nos interesa lo que planteamos a futuro. Y nosotros queremos que Esquina se inserte en el proceso de crecimiento de la Provincia&#8221;, expres\u00f3 Arnoldo Rohner en di\u00e1logo con el programa La Tarde.<\/p>\n<div class=\"center medium m_image\">\n<figure><picture><source srcset=\"https:\/\/www.radiodos.com.ar\/content\/bucket\/7\/272457w380h241c.jpg.webp\" type=\"image\/webp\" media=\"(min-width: 640px)\" \/><source srcset=\"https:\/\/www.radiodos.com.ar\/content\/bucket\/7\/272457w440h279c.jpg.webp\" type=\"image\/webp\" media=\"(min-width: 300px)\" \/><source srcset=\"https:\/\/www.radiodos.com.ar\/content\/bucket\/7\/272457w380h241c.jpg\" media=\"(min-width: 300px)\" \/><img loading=\"lazy\" decoding=\"async\" class=\"pic\" src=\"https:\/\/www.radiodos.com.ar\/content\/bucket\/7\/272457w380h241c.jpg.webp\" alt=\"\" width=\"380\" height=\"241\" \/><\/picture><\/figure>\n<\/div>\n<p>&#8220;No venimos de la pol\u00edtica. Formamos parte de un grupo de empresarios que quiere lo mejor para la ciudad, buscando mejorar en cuestiones esenciales para nuestra gente como es el crecimiento en infraestructura tur\u00edstica&#8221;, dijo<\/p>\n<p>Rohner recalc\u00f3 que &#8220;estamos haciendo docencia para explicar c\u00f3mo se debe votar en Esquina el 26, porque habr\u00e1 dos elecciones por separado. Pero ac\u00e1 todos est\u00e1n esperando la elecci\u00f3n a Intendente&#8230; casi no le da importancia a la elecci\u00f3n nacional&#8221;.<\/p>\n<div class=\"m_audio\">\n<div id=\"jp_container_272458\" class=\"jp-audio\" role=\"application\" aria-label=\"media player\">\n<div class=\"jp-type-single\">\n<div class=\"jp-gui jp-interface floatFix\">\n<div class=\"jp-volume-controls floatFix\"><\/div>\n<\/div>\n<\/div>\n<\/div>\n<\/div>\n<p>&#8220;Es fundamental tener un trabajo en conjunto con otras localidades cercanas como Goya, San Isidro, Bella Vista en materia tur\u00edstica. Hoy no se trabaja de esa manera y queremos hacerlo. Hoy Esquina es la localidad que est\u00e1 por encima de otras y eso hay que explotar, profesionalizando los servicios. Hay que planificar acciones en conjunto&#8221;, agreg\u00f3<\/p>\n","protected":false},"excerpt":{"rendered":"<p>&#8220;Si bien es complejo el panorama electoral para la gente por la multiplicidad de propuestas, a nosotros nos interesa lo que planteamos a futuro. Y nosotros queremos que Esquina se inserte en el proceso de crecimiento de la Provincia&#8221;, expres\u00f3 Arnoldo Rohner en di\u00e1logo con el programa La Tarde. &#8220;No venimos de la pol\u00edtica. Formamos [&hellip;]<\/p>\n","protected":false},"author":2,"featured_media":26618,"comment_status":"open","ping_status":"open","sticky":false,"template":"","format":"standard","meta":{"footnotes":""},"categories":[79],"tags":[],"class_list":{"0":"post-26617","1":"post","2":"type-post","3":"status-publish","4":"format-standard","5":"has-post-thumbnail","7":"category-politica"},"_links":{"self":[{"href":"https:\/\/radiobitacora.com.ar\/web\/wp-json\/wp\/v2\/posts\/26617","targetHints":{"allow":["GET"]}}],"collection":[{"href":"https:\/\/radiobitacora.com.ar\/web\/wp-json\/wp\/v2\/posts"}],"about":[{"href":"https:\/\/radiobitacora.com.ar\/web\/wp-json\/wp\/v2\/types\/post"}],"author":[{"embeddable":true,"href":"https:\/\/radiobitacora.com.ar\/web\/wp-json\/wp\/v2\/users\/2"}],"replies":[{"embeddable":true,"href":"https:\/\/radiobitacora.com.ar\/web\/wp-json\/wp\/v2\/comments?post=26617"}],"version-history":[{"count":0,"href":"https:\/\/radiobitacora.com.ar\/web\/wp-json\/wp\/v2\/posts\/26617\/revisions"}],"wp:featuredmedia":[{"embeddable":true,"href":"https:\/\/radiobitacora.com.ar\/web\/wp-json\/wp\/v2\/media\/26618"}],"wp:attachment":[{"href":"https:\/\/radiobitacora.com.ar\/web\/wp-json\/wp\/v2\/media?parent=26617"}],"wp:term":[{"taxonomy":"category","embeddable":true,"href":"https:\/\/radiobitacora.com.ar\/web\/wp-json\/wp\/v2\/categories?post=26617"},{"taxonomy":"post_tag","embeddable":true,"href":"https:\/\/radiobitacora.com.ar\/web\/wp-json\/wp\/v2\/tags?post=26617"}],"curies":[{"name":"wp","href":"https:\/\/api.w.org\/{rel}","templated":true}]}}