{"id":26674,"date":"2025-10-03T09:21:45","date_gmt":"2025-10-03T12:21:45","guid":{"rendered":"https:\/\/radiobitacora.com.ar\/web\/?p=26674"},"modified":"2025-10-03T09:21:45","modified_gmt":"2025-10-03T12:21:45","slug":"recursos-naturales-y-medio-ambiente-realizo-una-forestacion-y-embellecimiento-en-la-escuela-n-336-de-cocalito","status":"publish","type":"post","link":"https:\/\/radiobitacora.com.ar\/web\/2025\/10\/03\/recursos-naturales-y-medio-ambiente-realizo-una-forestacion-y-embellecimiento-en-la-escuela-n-336-de-cocalito\/","title":{"rendered":"RECURSOS NATURALES Y MEDIO AMBIENTE REALIZ\u00d3 UNA FORESTACI\u00d3N Y EMBELLECIMIENTO EN LA ESCUELA N\u00b0 336 DE COCALITO"},"content":{"rendered":"<p>&nbsp;<\/p>\n<p>La Direcci\u00f3n de Recursos Naturales y Medio Ambiente de la Municipalidad de Goya llev\u00f3 adelante actividades de forestaci\u00f3n y puesta en valor de espacios verdes en la Escuela Primaria N\u00b0 336 \u201cJuana A. Maidana de Pared\u201d, ubicada en la 3ra Secci\u00f3n Cocalito.<\/p>\n<p>El equipo municipal desarroll\u00f3 tareas de corte de pasto, plantaci\u00f3n de \u00e1rboles y ornamentaci\u00f3n del jard\u00edn escolar. La iniciativa cont\u00f3 adem\u00e1s con la colaboraci\u00f3n activa de docentes y alumnos de la instituci\u00f3n, quienes se sumaron con entusiasmo a la jornada, favoreciendo el trabajo conjunto y la concientizaci\u00f3n ambiental.<\/p>\n<p>En total se plantaron 12 fresnos, que aportar\u00e1n sombra y aire puro al predio escolar, adem\u00e1s de un sector de jardiner\u00eda conformado por 6 malvones, 15 azucenas y 20 cebollines, especies que brindar\u00e1n color y vida al entorno educativo.<\/p>\n<p>&nbsp;<\/p>\n<p>&nbsp;<\/p>\n<p>&nbsp;<\/p>\n<p>&nbsp;<\/p>\n<p>Direcci\u00f3n de Prensa \u2013 Municipalidad de Goya.<\/p>\n","protected":false},"excerpt":{"rendered":"<p>&nbsp; La Direcci\u00f3n de Recursos Naturales y Medio Ambiente de la Municipalidad de Goya llev\u00f3 adelante actividades de forestaci\u00f3n y puesta en valor de espacios verdes en la Escuela Primaria N\u00b0 336 \u201cJuana A. Maidana de Pared\u201d, ubicada en la 3ra Secci\u00f3n Cocalito. El equipo municipal desarroll\u00f3 tareas de corte de pasto, plantaci\u00f3n de \u00e1rboles [&hellip;]<\/p>\n","protected":false},"author":2,"featured_media":26675,"comment_status":"open","ping_status":"open","sticky":false,"template":"","format":"standard","meta":{"footnotes":""},"categories":[56],"tags":[],"class_list":{"0":"post-26674","1":"post","2":"type-post","3":"status-publish","4":"format-standard","5":"has-post-thumbnail","7":"category-locales"},"_links":{"self":[{"href":"https:\/\/radiobitacora.com.ar\/web\/wp-json\/wp\/v2\/posts\/26674","targetHints":{"allow":["GET"]}}],"collection":[{"href":"https:\/\/radiobitacora.com.ar\/web\/wp-json\/wp\/v2\/posts"}],"about":[{"href":"https:\/\/radiobitacora.com.ar\/web\/wp-json\/wp\/v2\/types\/post"}],"author":[{"embeddable":true,"href":"https:\/\/radiobitacora.com.ar\/web\/wp-json\/wp\/v2\/users\/2"}],"replies":[{"embeddable":true,"href":"https:\/\/radiobitacora.com.ar\/web\/wp-json\/wp\/v2\/comments?post=26674"}],"version-history":[{"count":0,"href":"https:\/\/radiobitacora.com.ar\/web\/wp-json\/wp\/v2\/posts\/26674\/revisions"}],"wp:featuredmedia":[{"embeddable":true,"href":"https:\/\/radiobitacora.com.ar\/web\/wp-json\/wp\/v2\/media\/26675"}],"wp:attachment":[{"href":"https:\/\/radiobitacora.com.ar\/web\/wp-json\/wp\/v2\/media?parent=26674"}],"wp:term":[{"taxonomy":"category","embeddable":true,"href":"https:\/\/radiobitacora.com.ar\/web\/wp-json\/wp\/v2\/categories?post=26674"},{"taxonomy":"post_tag","embeddable":true,"href":"https:\/\/radiobitacora.com.ar\/web\/wp-json\/wp\/v2\/tags?post=26674"}],"curies":[{"name":"wp","href":"https:\/\/api.w.org\/{rel}","templated":true}]}}