{"id":26683,"date":"2025-10-03T09:31:55","date_gmt":"2025-10-03T12:31:55","guid":{"rendered":"https:\/\/radiobitacora.com.ar\/web\/?p=26683"},"modified":"2025-10-03T09:31:55","modified_gmt":"2025-10-03T12:31:55","slug":"liga-prefederal-union-visita-a-amad-este-viernes","status":"publish","type":"post","link":"https:\/\/radiobitacora.com.ar\/web\/2025\/10\/03\/liga-prefederal-union-visita-a-amad-este-viernes\/","title":{"rendered":"LIGA PREFEDERAL  UNI\u00d3N VISITA A AMAD ESTE VIERNES"},"content":{"rendered":"<p style=\"font-weight: 400;\">\n<p style=\"font-weight: 400;\">El rojo inicia la segunda ronda con el juego cl\u00e1sico interzonal ante el verde en el \u201cGigante del Nordeste\u201d.<\/p>\n<p style=\"font-weight: 400;\">\n<p style=\"font-weight: 400;\">Este viernes 3 comienzan los juegos de vuelta de la Liga Prefederal de B\u00e1squetbol con los juegos interzonales, que en algunos casos son &#8220;cl\u00e1sicos&#8221;, y la cancha de AMAD ser\u00e1 el lugar en que el due\u00f1o de casa se encuentre ante Uni\u00f3n desde las 21:30.<\/p>\n<p style=\"font-weight: 400;\">\n<p style=\"font-weight: 400;\">Con el antecedente cercano de la derrota en la primera ronda, pero con el objetivo de seguir sumando para mantenerse en el podio y en posiciones de clasificaci\u00f3n a la siguiente ronda, los dirigidos por Agust\u00edn Rojas visitar\u00e1n el barrio Tapoc\u00f3, para confirmar, adem\u00e1s, la levantada y victoria clave ante El Tala el fin de semana pasado.<\/p>\n<p style=\"font-weight: 400;\">\n<p style=\"font-weight: 400;\">Cabe resaltar que, en esta ronda, la pr\u00f3xima semana Uni\u00f3n viajar\u00e1 a Santa Luc\u00eda para visitar a Espa\u00f1ol, y luego recibir\u00e1 en su estadio a San Mart\u00edn de Curuz\u00fa Cuati\u00e1 primero y luego a C\u00f3rdoba de la capital correntina.<\/p>\n<p style=\"font-weight: 400;\">\n<p style=\"font-weight: 400;\">Respecto al juego de este viernes, el mismo contar\u00e1 con el arbitraje de Guido Estigarribia y Diego Pedrozo (ambos de Corrientes Capital) y la goyana Daiana L\u00f3pez como Comisionada T\u00e9cnica.<\/p>\n<p style=\"font-weight: 400;\">\n<p style=\"font-weight: 400;\">Direcci\u00f3n de Prensa &#8211; Municipalidad de Goya<\/p>\n","protected":false},"excerpt":{"rendered":"<p>El rojo inicia la segunda ronda con el juego cl\u00e1sico interzonal ante el verde en el \u201cGigante del Nordeste\u201d. Este viernes 3 comienzan los juegos de vuelta de la Liga Prefederal de B\u00e1squetbol con los juegos interzonales, que en algunos casos son &#8220;cl\u00e1sicos&#8221;, y la cancha de AMAD ser\u00e1 el lugar en que el due\u00f1o [&hellip;]<\/p>\n","protected":false},"author":2,"featured_media":26684,"comment_status":"open","ping_status":"open","sticky":false,"template":"","format":"standard","meta":{"footnotes":""},"categories":[78],"tags":[],"class_list":{"0":"post-26683","1":"post","2":"type-post","3":"status-publish","4":"format-standard","5":"has-post-thumbnail","7":"category-deportes"},"_links":{"self":[{"href":"https:\/\/radiobitacora.com.ar\/web\/wp-json\/wp\/v2\/posts\/26683","targetHints":{"allow":["GET"]}}],"collection":[{"href":"https:\/\/radiobitacora.com.ar\/web\/wp-json\/wp\/v2\/posts"}],"about":[{"href":"https:\/\/radiobitacora.com.ar\/web\/wp-json\/wp\/v2\/types\/post"}],"author":[{"embeddable":true,"href":"https:\/\/radiobitacora.com.ar\/web\/wp-json\/wp\/v2\/users\/2"}],"replies":[{"embeddable":true,"href":"https:\/\/radiobitacora.com.ar\/web\/wp-json\/wp\/v2\/comments?post=26683"}],"version-history":[{"count":0,"href":"https:\/\/radiobitacora.com.ar\/web\/wp-json\/wp\/v2\/posts\/26683\/revisions"}],"wp:featuredmedia":[{"embeddable":true,"href":"https:\/\/radiobitacora.com.ar\/web\/wp-json\/wp\/v2\/media\/26684"}],"wp:attachment":[{"href":"https:\/\/radiobitacora.com.ar\/web\/wp-json\/wp\/v2\/media?parent=26683"}],"wp:term":[{"taxonomy":"category","embeddable":true,"href":"https:\/\/radiobitacora.com.ar\/web\/wp-json\/wp\/v2\/categories?post=26683"},{"taxonomy":"post_tag","embeddable":true,"href":"https:\/\/radiobitacora.com.ar\/web\/wp-json\/wp\/v2\/tags?post=26683"}],"curies":[{"name":"wp","href":"https:\/\/api.w.org\/{rel}","templated":true}]}}