{"id":26764,"date":"2025-10-06T20:05:52","date_gmt":"2025-10-06T23:05:52","guid":{"rendered":"https:\/\/radiobitacora.com.ar\/web\/?p=26764"},"modified":"2025-10-06T20:10:36","modified_gmt":"2025-10-06T23:10:36","slug":"la-municipalidad-acompana-las-celebraciones-por-el-dia-de-la-patrona-de-goya","status":"publish","type":"post","link":"https:\/\/radiobitacora.com.ar\/web\/2025\/10\/06\/la-municipalidad-acompana-las-celebraciones-por-el-dia-de-la-patrona-de-goya\/","title":{"rendered":"LA MUNICIPALIDAD ACOMPA\u00d1A LAS CELEBRACIONES POR EL DIA DE LA PATRONA DE GOYA"},"content":{"rendered":"<p style=\"font-weight: 400;\">La colaboraci\u00f3n de la Municipalidad es m\u00faltiple para la realizaci\u00f3n de esta celebraci\u00f3n de arraigo popular.\u00a0 As\u00ed, se mont\u00f3 un escenario en la intersecci\u00f3n de las calles Belgrano y Mariano I. Loza donde se har\u00e1 la misa que, presidida por las principales autoridades del clero cat\u00f3lico local, coronar\u00e1 la novena y Fiesta Patronal,<\/p>\n<p style=\"font-weight: 400;\">El 7 de octubre es el D\u00eda de la Virgen del Rosario de Goya, por lo cual tiene lugar su tradicional Fiesta Patronal. En esta celebraci\u00f3n religiosa desde el Municipio, a trav\u00e9s de la Direcci\u00f3n de Cultura, se proponen diversos n\u00fameros art\u00edsticos musicales.<\/p>\n<p style=\"font-weight: 400;\">El programa de actividades arranca este lunes 6 de octubre con la \u201cVigilia\u201d, esperando la llegada del nuevo d\u00eda. Este martes, continuar\u00e1 con la presentaci\u00f3n de elencos de institutos de danzas.<\/p>\n<p style=\"font-weight: 400;\">Con posterioridad a la Misa Central que da fin a la novena en honor a \u201cNuestra Se\u00f1ora del Rosario\u201d \u00a0se concretar\u00e1 la presentaci\u00f3n del Grupo Chamamecero Municipal y el grupo \u201cRaza Yacar\u00e9\u201d que estar\u00e1 cerrando la velada de este D\u00eda de la Festividad de la Patrona de Goya.<\/p>\n<p style=\"font-weight: 400;\">Simult\u00e1neamente, es muy visitada la exposici\u00f3n de artesanos y emprendedores. Esta se desarrolla en Plaza Mitre. Como es ya habitual, representa un evento de innegable atractivo para los paseantes, tanto locales como for\u00e1neos. Muestra del talento de los creadores locales, con trabajos en madera, cuero, metal y otros materiales; adem\u00e1s se exhiben tejidos en lana, o algod\u00f3n, en tanto que la gama de artesan\u00edas que se pueden ver en el conjunto de puestos de artesanos es notable y junto a otros emprendedores son un lugar de encuentro, y complementan las actividades que ofrece la Municipalidad en los alrededores de la Iglesia Catedral.<\/p>\n<p style=\"font-weight: 400;\">La colaboraci\u00f3n de la Municipalidad es m\u00faltiple para la realizaci\u00f3n de esta celebraci\u00f3n de arraigo popular.\u00a0 As\u00ed, se mont\u00f3 un escenario en la intersecci\u00f3n de las calles Belgrano y Mariano I. Loza. En ese sector se levantar\u00e1 el altar para la Misa Central del d\u00eda martes 7 de octubre, que tendr\u00e1 lugar luego de la procesi\u00f3n por las calles c\u00e9ntricas que est\u00e1 programada para las 18 horas.<\/p>\n<p style=\"font-weight: 400;\">\u00a0Cabe recalcar que distintas \u00e1reas de la Municipalidad suman esfuerzos para aspectos tales como el control del tr\u00e1nsito durante las actividades centrales de la Fiesta Patronal, en especial en el momento de la procesi\u00f3n por las calles c\u00e9ntricas de la ciudad. En estos d\u00edas, el flujo vehicular est\u00e1 restringido en un tramo de la calle Belgrano, en virtud del despliegue que se realiza para que tengan lugar las actividades programadas.<\/p>\n<p style=\"font-weight: 400;\">Otro de los aspectos inherentes al acompa\u00f1amiento municipal a la Fiesta Patronal est\u00e1 dada por la colaboraci\u00f3n en materia sanitaria, con puestos de hidrataci\u00f3n.<\/p>\n<p style=\"font-weight: 400;\">El centro de Goya, su plaza Mitre, su casco hist\u00f3rico se transforma por algunos d\u00edas, para honrar a \u201cNuestra Se\u00f1ora del Rosario\u201d, la cual es manifestaci\u00f3n de la fe popular y por su importancia forma parte de los eventos de inter\u00e9s tur\u00edstico que ofrece la ciudad en esta \u00e9poca del a\u00f1o. La Municipalidad acompa\u00f1a decididamente para el \u00f3ptimo desarrollo de los actos preparados.\u00a0 Y lo ha hecho aun en los momentos m\u00e1s dif\u00edciles de los a\u00f1os recientes. As\u00ed, articul\u00f3 esfuerzos para que en tiempo del COVID, aun con las precauciones debidas (que incluy\u00f3 tareas de demarcaci\u00f3n de lugares), se pudieran desarrollar en la plaza Mitre, las liturgias centrales de la novena y Fiesta Patronal en honor a \u201cNuestra Se\u00f1ora del Rosario&#8221;.<\/p>\n<p style=\"font-weight: 400;\">Direcci\u00f3n de Prensa-Municipalidad de Goya<\/p>\n","protected":false},"excerpt":{"rendered":"<p>La colaboraci\u00f3n de la Municipalidad es m\u00faltiple para la realizaci\u00f3n de esta celebraci\u00f3n de arraigo popular.\u00a0 As\u00ed, se mont\u00f3 un escenario en la intersecci\u00f3n de las calles Belgrano y Mariano I. Loza donde se har\u00e1 la misa que, presidida por las principales autoridades del clero cat\u00f3lico local, coronar\u00e1 la novena y Fiesta Patronal, El 7 [&hellip;]<\/p>\n","protected":false},"author":2,"featured_media":26765,"comment_status":"open","ping_status":"open","sticky":false,"template":"","format":"standard","meta":{"footnotes":""},"categories":[56],"tags":[],"class_list":{"0":"post-26764","1":"post","2":"type-post","3":"status-publish","4":"format-standard","5":"has-post-thumbnail","7":"category-locales"},"_links":{"self":[{"href":"https:\/\/radiobitacora.com.ar\/web\/wp-json\/wp\/v2\/posts\/26764","targetHints":{"allow":["GET"]}}],"collection":[{"href":"https:\/\/radiobitacora.com.ar\/web\/wp-json\/wp\/v2\/posts"}],"about":[{"href":"https:\/\/radiobitacora.com.ar\/web\/wp-json\/wp\/v2\/types\/post"}],"author":[{"embeddable":true,"href":"https:\/\/radiobitacora.com.ar\/web\/wp-json\/wp\/v2\/users\/2"}],"replies":[{"embeddable":true,"href":"https:\/\/radiobitacora.com.ar\/web\/wp-json\/wp\/v2\/comments?post=26764"}],"version-history":[{"count":0,"href":"https:\/\/radiobitacora.com.ar\/web\/wp-json\/wp\/v2\/posts\/26764\/revisions"}],"wp:featuredmedia":[{"embeddable":true,"href":"https:\/\/radiobitacora.com.ar\/web\/wp-json\/wp\/v2\/media\/26765"}],"wp:attachment":[{"href":"https:\/\/radiobitacora.com.ar\/web\/wp-json\/wp\/v2\/media?parent=26764"}],"wp:term":[{"taxonomy":"category","embeddable":true,"href":"https:\/\/radiobitacora.com.ar\/web\/wp-json\/wp\/v2\/categories?post=26764"},{"taxonomy":"post_tag","embeddable":true,"href":"https:\/\/radiobitacora.com.ar\/web\/wp-json\/wp\/v2\/tags?post=26764"}],"curies":[{"name":"wp","href":"https:\/\/api.w.org\/{rel}","templated":true}]}}