{"id":26844,"date":"2025-10-09T19:19:30","date_gmt":"2025-10-09T22:19:30","guid":{"rendered":"https:\/\/radiobitacora.com.ar\/web\/?p=26844"},"modified":"2025-10-09T19:19:30","modified_gmt":"2025-10-09T22:19:30","slug":"continua-la-puesta-en-valor-de-espacios-publicos-a-traves-de-la-plantacion-de-especies-arboreas","status":"publish","type":"post","link":"https:\/\/radiobitacora.com.ar\/web\/2025\/10\/09\/continua-la-puesta-en-valor-de-espacios-publicos-a-traves-de-la-plantacion-de-especies-arboreas\/","title":{"rendered":"CONTIN\u00daA LA PUESTA EN VALOR DE ESPACIOS P\u00daBLICOS A TRAV\u00c9S DE LA PLANTACI\u00d3N DE ESPECIES ARB\u00d3REAS"},"content":{"rendered":"<p style=\"font-weight: 400;\">Direcci\u00f3n de Recursos Naturales y Medio Ambiente:<\/p>\n<p style=\"font-weight: 400;\">\n<p style=\"font-weight: 400;\">La Municipalidad de Goya contin\u00faa con la plantaci\u00f3n de \u00e1rboles en espacios p\u00fablicos e instituciones, a trav\u00e9s de la Direcci\u00f3n de Medio Ambiente, con especies del Vivero Municipal.<\/p>\n<p style=\"font-weight: 400;\">Se plantaron \u00e1rboles de diferentes especies aut\u00f3ctonas. Uno de estos trabajos fue encarado por personal del Vivero en el Establecimiento C.D.I Mama Perla. Estas acciones en el marco de la puesta en valor y ornamentaci\u00f3n de espacios verdes.<\/p>\n<p style=\"font-weight: 400;\">\n<p style=\"font-weight: 400;\">\n<p style=\"font-weight: 400;\">Direcci\u00f3n de Prensa \u2013 Municipalidad de Goya<\/p>\n","protected":false},"excerpt":{"rendered":"<p>Direcci\u00f3n de Recursos Naturales y Medio Ambiente: La Municipalidad de Goya contin\u00faa con la plantaci\u00f3n de \u00e1rboles en espacios p\u00fablicos e instituciones, a trav\u00e9s de la Direcci\u00f3n de Medio Ambiente, con especies del Vivero Municipal. Se plantaron \u00e1rboles de diferentes especies aut\u00f3ctonas. Uno de estos trabajos fue encarado por personal del Vivero en el Establecimiento [&hellip;]<\/p>\n","protected":false},"author":2,"featured_media":26846,"comment_status":"open","ping_status":"open","sticky":false,"template":"","format":"standard","meta":{"footnotes":""},"categories":[1],"tags":[],"class_list":{"0":"post-26844","1":"post","2":"type-post","3":"status-publish","4":"format-standard","5":"has-post-thumbnail","7":"category-sin-categoria"},"_links":{"self":[{"href":"https:\/\/radiobitacora.com.ar\/web\/wp-json\/wp\/v2\/posts\/26844","targetHints":{"allow":["GET"]}}],"collection":[{"href":"https:\/\/radiobitacora.com.ar\/web\/wp-json\/wp\/v2\/posts"}],"about":[{"href":"https:\/\/radiobitacora.com.ar\/web\/wp-json\/wp\/v2\/types\/post"}],"author":[{"embeddable":true,"href":"https:\/\/radiobitacora.com.ar\/web\/wp-json\/wp\/v2\/users\/2"}],"replies":[{"embeddable":true,"href":"https:\/\/radiobitacora.com.ar\/web\/wp-json\/wp\/v2\/comments?post=26844"}],"version-history":[{"count":0,"href":"https:\/\/radiobitacora.com.ar\/web\/wp-json\/wp\/v2\/posts\/26844\/revisions"}],"wp:featuredmedia":[{"embeddable":true,"href":"https:\/\/radiobitacora.com.ar\/web\/wp-json\/wp\/v2\/media\/26846"}],"wp:attachment":[{"href":"https:\/\/radiobitacora.com.ar\/web\/wp-json\/wp\/v2\/media?parent=26844"}],"wp:term":[{"taxonomy":"category","embeddable":true,"href":"https:\/\/radiobitacora.com.ar\/web\/wp-json\/wp\/v2\/categories?post=26844"},{"taxonomy":"post_tag","embeddable":true,"href":"https:\/\/radiobitacora.com.ar\/web\/wp-json\/wp\/v2\/tags?post=26844"}],"curies":[{"name":"wp","href":"https:\/\/api.w.org\/{rel}","templated":true}]}}