{"id":26855,"date":"2025-10-12T19:49:23","date_gmt":"2025-10-12T22:49:23","guid":{"rendered":"https:\/\/radiobitacora.com.ar\/web\/?p=26855"},"modified":"2025-10-12T19:53:26","modified_gmt":"2025-10-12T22:53:26","slug":"estudiantina-rural-2025","status":"publish","type":"post","link":"https:\/\/radiobitacora.com.ar\/web\/2025\/10\/12\/estudiantina-rural-2025\/","title":{"rendered":"ESTUDIANTINA RURAL 2025"},"content":{"rendered":"<p style=\"font-weight: 400;\">El Predio Ferial de la Sociedad Rural de Goya fue el escenario para el desarrollo de la Fiesta de los estudiantes secundarios, de los establecimientos de la zona rural.<\/p>\n<p style=\"font-weight: 400;\">Con la organizaci\u00f3n, la coordinaci\u00f3n del Colegio Secundario Buena Vista y el apoyo brindado por la Municipalidad de Goya, desde las 9 horas y hasta pasadas las 18 horas, de jueves se llev\u00f3 adelante la Estudiantina Rural.<\/p>\n<p style=\"font-weight: 400;\"><img loading=\"lazy\" decoding=\"async\" class=\"aligncenter size-full wp-image-26856\" src=\"https:\/\/radiobitacora.com.ar\/web\/wp-content\/uploads\/2025\/10\/estudinatina-rural-2025-2-ceremonia-apertura.jpg\" alt=\"\" width=\"4160\" height=\"3120\" srcset=\"https:\/\/radiobitacora.com.ar\/web\/wp-content\/uploads\/2025\/10\/estudinatina-rural-2025-2-ceremonia-apertura.jpg 4160w, https:\/\/radiobitacora.com.ar\/web\/wp-content\/uploads\/2025\/10\/estudinatina-rural-2025-2-ceremonia-apertura-560x420.jpg 560w, https:\/\/radiobitacora.com.ar\/web\/wp-content\/uploads\/2025\/10\/estudinatina-rural-2025-2-ceremonia-apertura-80x60.jpg 80w, https:\/\/radiobitacora.com.ar\/web\/wp-content\/uploads\/2025\/10\/estudinatina-rural-2025-2-ceremonia-apertura-696x522.jpg 696w, https:\/\/radiobitacora.com.ar\/web\/wp-content\/uploads\/2025\/10\/estudinatina-rural-2025-2-ceremonia-apertura-1068x801.jpg 1068w, https:\/\/radiobitacora.com.ar\/web\/wp-content\/uploads\/2025\/10\/estudinatina-rural-2025-2-ceremonia-apertura-265x198.jpg 265w\" sizes=\"auto, (max-width: 4160px) 100vw, 4160px\" \/><\/p>\n<p style=\"font-weight: 400;\">Con una ceremonia de apertura, con el ingreso de la Bandera de Ceremonias, portada por abanderada y escoltas del establecimiento organizador dio inicio el encuentro, sum\u00e1ndose cada instituci\u00f3n educativa con sus banderas identificatorias, para entonar las estrofas del himno nacional argentino y dar comienzo a los juegos deportivos de manera competitiva y recreativa.<\/p>\n<p style=\"font-weight: 400;\">Otros de los aspectos salientes del encuentro estudiantil estuvo dado por la elecci\u00f3n de la Reina y Princesas de la Estudiantina Rural, que cont\u00f3 con la participaci\u00f3n acompa\u00f1ando esta fiesta de los Directores de Deportes Alejandro Lago; de Juventud Gast\u00f3n Espinosa y el Coordinador del \u00c1rea Rural Dami\u00e1n Pini.<\/p>\n<p style=\"font-weight: 400;\"><img loading=\"lazy\" decoding=\"async\" class=\"aligncenter size-full wp-image-26857\" src=\"https:\/\/radiobitacora.com.ar\/web\/wp-content\/uploads\/2025\/10\/estudinatina-rural-2025-5-funcionarios-municipales-Gaston-Espinosa-y-Damian-Pini.jpg\" alt=\"\" width=\"1280\" height=\"960\" srcset=\"https:\/\/radiobitacora.com.ar\/web\/wp-content\/uploads\/2025\/10\/estudinatina-rural-2025-5-funcionarios-municipales-Gaston-Espinosa-y-Damian-Pini.jpg 1280w, https:\/\/radiobitacora.com.ar\/web\/wp-content\/uploads\/2025\/10\/estudinatina-rural-2025-5-funcionarios-municipales-Gaston-Espinosa-y-Damian-Pini-560x420.jpg 560w, https:\/\/radiobitacora.com.ar\/web\/wp-content\/uploads\/2025\/10\/estudinatina-rural-2025-5-funcionarios-municipales-Gaston-Espinosa-y-Damian-Pini-80x60.jpg 80w, https:\/\/radiobitacora.com.ar\/web\/wp-content\/uploads\/2025\/10\/estudinatina-rural-2025-5-funcionarios-municipales-Gaston-Espinosa-y-Damian-Pini-696x522.jpg 696w, https:\/\/radiobitacora.com.ar\/web\/wp-content\/uploads\/2025\/10\/estudinatina-rural-2025-5-funcionarios-municipales-Gaston-Espinosa-y-Damian-Pini-1068x801.jpg 1068w, https:\/\/radiobitacora.com.ar\/web\/wp-content\/uploads\/2025\/10\/estudinatina-rural-2025-5-funcionarios-municipales-Gaston-Espinosa-y-Damian-Pini-265x198.jpg 265w\" sizes=\"auto, (max-width: 1280px) 100vw, 1280px\" \/><\/p>\n<p style=\"font-weight: 400;\">El Rector del Colegio Secundario Buena Vista Martin V\u00e1zquez junto al resto del equipo de directivos y docentes encargados de la coordinaci\u00f3n y organizaci\u00f3n, agradecieron el acompa\u00f1amiento, el apoyo recibido desde la Municipalidad de Goya, valorando el aporte del Intendente Mariano Hormaechea, asi como el reconocimiento al despliegue de las acciones de las \u00e1reas de servicios de la Municipalidad de nuestra ciudad y la valerosa contribuci\u00f3n y asistencia del Equipo Municipal de Emergencia (EMU) de la Subsecretar\u00eda de Salud y la Unidad M\u00f3vil, la Ambulancia apostada en el Predio Ferial de la SRG, durante todo el evento.<\/p>\n<p style=\"font-weight: 400;\">En la ceremonia de apertura, en nombre del Municipio de Goya, el Director de Deportes Alejandro Lago, transmiti\u00f3 los saludos del Intendente Mariano Hormaechea, resaltando la importancia de poder acompa\u00f1ar con acciones concretas \u201ceste encuentro que promueve el compartir, afianzar los v\u00ednculos de amistad, compa\u00f1erismo, promoviendo espacios deportivos, recreativos y competitivos, sin ser el m\u00e1ximo objetivo el ganar, sino el saber aprovechar estos \u00e1mbitos para generar la oportunidad de charlar, de divertirse, por eso nosotros con Mariano (Hormaechea) entendemos que es fundamental acompa\u00f1ar y trabajar juntos, hacia adelante y en equipo\u201d<\/p>\n<p style=\"font-weight: 400;\"><img loading=\"lazy\" decoding=\"async\" class=\"aligncenter size-full wp-image-26858\" src=\"https:\/\/radiobitacora.com.ar\/web\/wp-content\/uploads\/2025\/10\/estudinatina-rural-2025-5-ceremonia-apertura-Alejandro-Lago.jpg\" alt=\"\" width=\"4160\" height=\"3120\" srcset=\"https:\/\/radiobitacora.com.ar\/web\/wp-content\/uploads\/2025\/10\/estudinatina-rural-2025-5-ceremonia-apertura-Alejandro-Lago.jpg 4160w, https:\/\/radiobitacora.com.ar\/web\/wp-content\/uploads\/2025\/10\/estudinatina-rural-2025-5-ceremonia-apertura-Alejandro-Lago-560x420.jpg 560w, https:\/\/radiobitacora.com.ar\/web\/wp-content\/uploads\/2025\/10\/estudinatina-rural-2025-5-ceremonia-apertura-Alejandro-Lago-80x60.jpg 80w, https:\/\/radiobitacora.com.ar\/web\/wp-content\/uploads\/2025\/10\/estudinatina-rural-2025-5-ceremonia-apertura-Alejandro-Lago-696x522.jpg 696w, https:\/\/radiobitacora.com.ar\/web\/wp-content\/uploads\/2025\/10\/estudinatina-rural-2025-5-ceremonia-apertura-Alejandro-Lago-1068x801.jpg 1068w, https:\/\/radiobitacora.com.ar\/web\/wp-content\/uploads\/2025\/10\/estudinatina-rural-2025-5-ceremonia-apertura-Alejandro-Lago-265x198.jpg 265w\" sizes=\"auto, (max-width: 4160px) 100vw, 4160px\" \/><\/p>\n<p style=\"font-weight: 400;\">El Rector del Colegio Secundario Buena Vista Martin V\u00e1zquez, dio la bienvenida a los estudiantes secundarios de los establecimientos participantes, agradeci\u00f3 el acompa\u00f1amiento de los docentes, el apoyo de la Municipalidad, la cesi\u00f3n del predio a la Sociedad Rural Goya, deseando a \u201cTodos los estudiantes que disfruten de la jornada pensada para cada uno de Uds.\u201d<\/p>\n<p style=\"font-weight: 400;\">Tras lo cual se cumpli\u00f3 con el programa de partidos en las disciplinas deportivas establecidas en el encuentro, al finalizar la competencia, estos colegios resultaron los ganadores:<\/p>\n<p style=\"font-weight: 400;\">VOLEY MASCULINO: LIBRE<\/p>\n<p style=\"font-weight: 400;\">1\u00ba Colegio Buena Vista<\/p>\n<p style=\"font-weight: 400;\">2\u00ba Colegio Carolina<\/p>\n<p style=\"font-weight: 400;\">VOLEY MASCULINO: \u00a0SUB 15<\/p>\n<p style=\"font-weight: 400;\">1\u00ba Extensi\u00f3n A\u00falica Stella Marys<\/p>\n<p style=\"font-weight: 400;\">2\u00ba Colegio Buena Vista<\/p>\n<p style=\"font-weight: 400;\">VOLEY FEMENINO: LIBRE<\/p>\n<p style=\"font-weight: 400;\">1\u00ba Isabel Victoria<\/p>\n<p style=\"font-weight: 400;\">2\u00ba El Rejunte (Colegio Buena Vista)<\/p>\n<p style=\"font-weight: 400;\">VOLEY FEMENINO: SUB 15<\/p>\n<p style=\"font-weight: 400;\">1\u00ba Extensi\u00f3n A\u00falica Stella Marys<\/p>\n<p style=\"font-weight: 400;\">2\u00ba Isabel Victoria<\/p>\n<p style=\"font-weight: 400;\">F\u00daTBOL MASCULINO: LIBRE<\/p>\n<p style=\"font-weight: 400;\">1\u00ba EFA Anah\u00ed (Paraje Casualidad)<\/p>\n<p style=\"font-weight: 400;\">2\u00ba Extensi\u00f3n A\u00falica Stella Marys<\/p>\n<p style=\"font-weight: 400;\">F\u00daTBOL FEMENINO: LIBRE<\/p>\n<p style=\"font-weight: 400;\">1\u00ba Las Estrellitas (Colegio Buena Vista)<\/p>\n<p style=\"font-weight: 400;\">2\u00ba F\u00e9nix (Extensi\u00f3n A\u00falica Cocalito)<\/p>\n<p style=\"font-weight: 400;\">F\u00daTBOL FEMENINO: SUB 15<\/p>\n<p style=\"font-weight: 400;\">1\u00ba Las Babys de Carolina<\/p>\n<p style=\"font-weight: 400;\">2\u00ba Las Maleducadas (Colegio Buena Vista)<\/p>\n<p style=\"font-weight: 400;\">F\u00daTBOL MASCULINO: SUB 15<\/p>\n<p style=\"font-weight: 400;\">1\u00ba Colegio Buena Vista<\/p>\n<p style=\"font-weight: 400;\">2\u00ba Isabel Victoria<\/p>\n<p style=\"font-weight: 400;\">FUTBOL MIXTO<\/p>\n<p style=\"font-weight: 400;\">1\u00ba Isabel Victoria<\/p>\n<p style=\"font-weight: 400;\">2\u00ba Carolina<\/p>\n<p style=\"font-weight: 400;\">TRUCO<\/p>\n<p style=\"font-weight: 400;\">1\u00ba Lo quiero re truco Franco Segovia y Ram\u00f3n Ojeda de Extensi\u00f3n A\u00falica Campo Morato<\/p>\n<p style=\"font-weight: 400;\">2\u00ba Chau tu Plata Ever D\u00edaz y Gast\u00f3n Romero de Extensi\u00f3n A\u00falica Pago Redondo<\/p>\n<p style=\"font-weight: 400;\">ELECCI\u00d3N DE REINA Y PRINCESAS<\/p>\n<p style=\"font-weight: 400;\">Una vez hecha la presentaci\u00f3n de las reinas de los colegios participantes, el jurado integrado por la Soberana 2024 de la FNS Priscila Fanega, el Rey de la Estudiantina de Goya Santino Calvi \u00a0y el Dise\u00f1ador Mateo Casco, realizaron las deliberaciones correspondientes, siendo electa como nueva Reina de la Estudiantina Rural Milagros Vallejos de la Sede Colegio Secundario Buena Vista; 1\u00aa Princesa Victoria Castillo del Colegio Secundario Carolina y 2\u00aa Princesa Aimara Brest de la Extensi\u00f3n A\u00falica de Stella Marys.<\/p>\n<p style=\"font-weight: 400;\">De la colocaci\u00f3n de los atributos, banda, corona, entrega del ramo floral participaron los funcionarios municipales, Alejandro Lago, Gast\u00f3n Espinosa y Dami\u00e1n Pini.<\/p>\n<p style=\"font-weight: 400;\">De la misma manera lo hicieron con la entrega de los trofeos de cada disciplina deportiva que form\u00f3 parte de las competencias de la estudiantina rural.<\/p>\n<p style=\"font-weight: 400;\"><img loading=\"lazy\" decoding=\"async\" class=\"aligncenter size-full wp-image-26859\" src=\"https:\/\/radiobitacora.com.ar\/web\/wp-content\/uploads\/2025\/10\/estudinatina-rural-2025-7-jurado.jpg\" alt=\"\" width=\"3024\" height=\"4032\" srcset=\"https:\/\/radiobitacora.com.ar\/web\/wp-content\/uploads\/2025\/10\/estudinatina-rural-2025-7-jurado.jpg 3024w, https:\/\/radiobitacora.com.ar\/web\/wp-content\/uploads\/2025\/10\/estudinatina-rural-2025-7-jurado-315x420.jpg 315w, https:\/\/radiobitacora.com.ar\/web\/wp-content\/uploads\/2025\/10\/estudinatina-rural-2025-7-jurado-696x928.jpg 696w, https:\/\/radiobitacora.com.ar\/web\/wp-content\/uploads\/2025\/10\/estudinatina-rural-2025-7-jurado-1068x1424.jpg 1068w\" sizes=\"auto, (max-width: 3024px) 100vw, 3024px\" \/><\/p>\n<p style=\"font-weight: 400;\">Una vez concluida la fiesta estudiantil, los estudiantes emprendieron el retorno en los colectivos dispuestos para tal fin, agradeciendo nuevamente el profesor V\u00e1zquez por la invalorable colaboraci\u00f3n y despliegue de la log\u00edstica por parte de la Municipalidad de Goya<\/p>\n<p style=\"font-weight: 400;\">Direcci\u00f3n de Prensa-Municipalidad de Goya<\/p>\n<p style=\"font-weight: 400;\">\n","protected":false},"excerpt":{"rendered":"<p>El Predio Ferial de la Sociedad Rural de Goya fue el escenario para el desarrollo de la Fiesta de los estudiantes secundarios, de los establecimientos de la zona rural. Con la organizaci\u00f3n, la coordinaci\u00f3n del Colegio Secundario Buena Vista y el apoyo brindado por la Municipalidad de Goya, desde las 9 horas y hasta pasadas [&hellip;]<\/p>\n","protected":false},"author":2,"featured_media":26860,"comment_status":"open","ping_status":"open","sticky":false,"template":"","format":"standard","meta":{"footnotes":""},"categories":[56],"tags":[],"class_list":{"0":"post-26855","1":"post","2":"type-post","3":"status-publish","4":"format-standard","5":"has-post-thumbnail","7":"category-locales"},"_links":{"self":[{"href":"https:\/\/radiobitacora.com.ar\/web\/wp-json\/wp\/v2\/posts\/26855","targetHints":{"allow":["GET"]}}],"collection":[{"href":"https:\/\/radiobitacora.com.ar\/web\/wp-json\/wp\/v2\/posts"}],"about":[{"href":"https:\/\/radiobitacora.com.ar\/web\/wp-json\/wp\/v2\/types\/post"}],"author":[{"embeddable":true,"href":"https:\/\/radiobitacora.com.ar\/web\/wp-json\/wp\/v2\/users\/2"}],"replies":[{"embeddable":true,"href":"https:\/\/radiobitacora.com.ar\/web\/wp-json\/wp\/v2\/comments?post=26855"}],"version-history":[{"count":0,"href":"https:\/\/radiobitacora.com.ar\/web\/wp-json\/wp\/v2\/posts\/26855\/revisions"}],"wp:featuredmedia":[{"embeddable":true,"href":"https:\/\/radiobitacora.com.ar\/web\/wp-json\/wp\/v2\/media\/26860"}],"wp:attachment":[{"href":"https:\/\/radiobitacora.com.ar\/web\/wp-json\/wp\/v2\/media?parent=26855"}],"wp:term":[{"taxonomy":"category","embeddable":true,"href":"https:\/\/radiobitacora.com.ar\/web\/wp-json\/wp\/v2\/categories?post=26855"},{"taxonomy":"post_tag","embeddable":true,"href":"https:\/\/radiobitacora.com.ar\/web\/wp-json\/wp\/v2\/tags?post=26855"}],"curies":[{"name":"wp","href":"https:\/\/api.w.org\/{rel}","templated":true}]}}