{"id":26877,"date":"2025-10-12T20:08:47","date_gmt":"2025-10-12T23:08:47","guid":{"rendered":"https:\/\/radiobitacora.com.ar\/web\/?p=26877"},"modified":"2025-10-12T20:09:50","modified_gmt":"2025-10-12T23:09:50","slug":"dia-del-agente-sanitario","status":"publish","type":"post","link":"https:\/\/radiobitacora.com.ar\/web\/2025\/10\/12\/dia-del-agente-sanitario\/","title":{"rendered":"DIA DEL AGENTE SANITARIO"},"content":{"rendered":"<p style=\"font-weight: 400;\">Jornada de Promoci\u00f3n de la Salud<\/p>\n<p style=\"font-weight: 400;\">10 MINUTOS PARA VOS<\/p>\n<p style=\"font-weight: 400;\">La actividad organizada por los estudiantes de la carrera Tecnicatura Superior en Agente Sanitario y Promotor de la Salud del Instituto Superior Goya fue declarada de Inter\u00e9s Municipal por el HCD, cont\u00f3 con el apoyo de la Subsecretar\u00eda de Salud de la Municipalidad de Goya aportando la presencia del EMU (Equipo Municipal de Emergencia) y la Ambulancia de dicha \u00e1rea municipal.<\/p>\n<p style=\"font-weight: 400;\">La jornada de promoci\u00f3n de la salud se realiz\u00f3 el s\u00e1bado en Plaza Mitre, donde los futuros promotores de la salud se encargaron de tomar la presi\u00f3n arterial, control de peso y talla a las personas que se acercaron por el puesto sanitario instalado en el Paseo P\u00fablico de la ciudad.<\/p>\n<p style=\"font-weight: 400;\">Vale recordar que la jornada de promoci\u00f3n de la salud, fue organizada por estudiantes de 2\u00ba y 3\u00ba a\u00f1o de la Tecnicatura, y cont\u00f3 con el acompa\u00f1amiento de la Rectora y Vicerrectora del Instituto, as\u00ed como del coordinador, profesor de Pr\u00e1ctica acompa\u00f1ando las acciones de los futuros t\u00e9cnicos superiores.<\/p>\n<p style=\"font-weight: 400;\">La actividad fue declarada de Inter\u00e9s Municipal por el HCD, en tal sentido la Concejal Viv\u00edan Merlo se hizo presente en Plaza Mitre para hacer entrega de la respectiva copia a los organizadores.<\/p>\n<p style=\"font-weight: 400;\">Adem\u00e1s, la Subsecretar\u00eda de Salud Municipal acompa\u00f1\u00f3 a los estudiantes con un equipo de EMU (Equipo Municipal de Emergencia), la disposici\u00f3n de tener la disponibilidad de la Ambulancia de APS Municipal, reforzando el trabajo interinstitucional de las entidades del \u00e1mbito educativo y el Municipio.<\/p>\n<p style=\"font-weight: 400;\">La comunidad goyana felicit\u00f3 a los estudiantes por la iniciativa y destac\u00f3 el rol fundamental que desempe\u00f1an los agentes sanitarios en el primer nivel de atenci\u00f3n, promoviendo la prevenci\u00f3n y el cuidado integral de la salud.<\/p>\n<p style=\"font-weight: 400;\">Direcci\u00f3n de Prensa-Municipalidad de Goya<\/p>\n","protected":false},"excerpt":{"rendered":"<p>Jornada de Promoci\u00f3n de la Salud 10 MINUTOS PARA VOS La actividad organizada por los estudiantes de la carrera Tecnicatura Superior en Agente Sanitario y Promotor de la Salud del Instituto Superior Goya fue declarada de Inter\u00e9s Municipal por el HCD, cont\u00f3 con el apoyo de la Subsecretar\u00eda de Salud de la Municipalidad de Goya [&hellip;]<\/p>\n","protected":false},"author":2,"featured_media":26878,"comment_status":"open","ping_status":"open","sticky":false,"template":"","format":"standard","meta":{"footnotes":""},"categories":[56],"tags":[],"class_list":{"0":"post-26877","1":"post","2":"type-post","3":"status-publish","4":"format-standard","5":"has-post-thumbnail","7":"category-locales"},"_links":{"self":[{"href":"https:\/\/radiobitacora.com.ar\/web\/wp-json\/wp\/v2\/posts\/26877","targetHints":{"allow":["GET"]}}],"collection":[{"href":"https:\/\/radiobitacora.com.ar\/web\/wp-json\/wp\/v2\/posts"}],"about":[{"href":"https:\/\/radiobitacora.com.ar\/web\/wp-json\/wp\/v2\/types\/post"}],"author":[{"embeddable":true,"href":"https:\/\/radiobitacora.com.ar\/web\/wp-json\/wp\/v2\/users\/2"}],"replies":[{"embeddable":true,"href":"https:\/\/radiobitacora.com.ar\/web\/wp-json\/wp\/v2\/comments?post=26877"}],"version-history":[{"count":0,"href":"https:\/\/radiobitacora.com.ar\/web\/wp-json\/wp\/v2\/posts\/26877\/revisions"}],"wp:featuredmedia":[{"embeddable":true,"href":"https:\/\/radiobitacora.com.ar\/web\/wp-json\/wp\/v2\/media\/26878"}],"wp:attachment":[{"href":"https:\/\/radiobitacora.com.ar\/web\/wp-json\/wp\/v2\/media?parent=26877"}],"wp:term":[{"taxonomy":"category","embeddable":true,"href":"https:\/\/radiobitacora.com.ar\/web\/wp-json\/wp\/v2\/categories?post=26877"},{"taxonomy":"post_tag","embeddable":true,"href":"https:\/\/radiobitacora.com.ar\/web\/wp-json\/wp\/v2\/tags?post=26877"}],"curies":[{"name":"wp","href":"https:\/\/api.w.org\/{rel}","templated":true}]}}