{"id":26917,"date":"2025-10-14T08:55:17","date_gmt":"2025-10-14T11:55:17","guid":{"rendered":"https:\/\/radiobitacora.com.ar\/web\/?p=26917"},"modified":"2025-10-14T08:55:17","modified_gmt":"2025-10-14T11:55:17","slug":"sera-presidida-por-el-obispo-diocesano-monsenor-adolfo-canecin","status":"publish","type":"post","link":"https:\/\/radiobitacora.com.ar\/web\/2025\/10\/14\/sera-presidida-por-el-obispo-diocesano-monsenor-adolfo-canecin\/","title":{"rendered":"SER\u00c1 PRESIDIDA POR EL OBISPO DIOCESANO MONSE\u00d1OR ADOLFO CANECIN"},"content":{"rendered":"<p style=\"font-weight: 400;\">16 de octubre: Misa al Cura Brochero en el Parador<\/p>\n<p style=\"font-weight: 400;\">\n<p style=\"font-weight: 400;\">El grupo Brocheriano de Goya invita a toda la comunidad a la santa misa que se realizar\u00e1 el jueves 16 de octubre al Santo Cura Brochero por los 9 a\u00f1os de canonizaci\u00f3n del primer Santo Argentino, que naci\u00f3, vivi\u00f3 y muri\u00f3 en su tierra natal.<\/p>\n<p style=\"font-weight: 400;\">El lugar de encuentro ser\u00e1 en el Parador \u201cCura Brochero\u201d ubicado sobre Ruta Provincial N\u00b0 27. Est\u00e1n todos invitados a las 20 horas para la misa que ser\u00e1 presidida por Monse\u00f1or Adolfo Canec\u00edn. Se solicita traer silletas.<\/p>\n<p style=\"font-weight: 400;\">\n<p style=\"font-weight: 400;\">El objetivo del encuentro y celebraci\u00f3n lit\u00fargica es recordar a este hombre santo que realiz\u00f3 su tarea evangelizadora en Traslasierra, C\u00f3rdoba, pero que tambi\u00e9n realiz\u00f3 m\u00faltiples tareas sociales con que benefici\u00f3 a la poblaci\u00f3n de esa \u00e9poca.<\/p>\n<p style=\"font-weight: 400;\">\n<p style=\"font-weight: 400;\">Brochero naci\u00f3 en Carreta Quemada, \u00a0cerca de Santa Rosa del R\u00edo Primero en C\u00f3rdoba, pero al llegar al Curato de San Alberto se hizo un serrano m\u00e1s.<\/p>\n<p style=\"font-weight: 400;\">\n<p style=\"font-weight: 400;\">Direcci\u00f3n de Prensa &#8211; Municipalidad de Goya<\/p>\n","protected":false},"excerpt":{"rendered":"<p>16 de octubre: Misa al Cura Brochero en el Parador El grupo Brocheriano de Goya invita a toda la comunidad a la santa misa que se realizar\u00e1 el jueves 16 de octubre al Santo Cura Brochero por los 9 a\u00f1os de canonizaci\u00f3n del primer Santo Argentino, que naci\u00f3, vivi\u00f3 y muri\u00f3 en su tierra natal. [&hellip;]<\/p>\n","protected":false},"author":2,"featured_media":26918,"comment_status":"open","ping_status":"open","sticky":false,"template":"","format":"standard","meta":{"footnotes":""},"categories":[56],"tags":[],"class_list":{"0":"post-26917","1":"post","2":"type-post","3":"status-publish","4":"format-standard","5":"has-post-thumbnail","7":"category-locales"},"_links":{"self":[{"href":"https:\/\/radiobitacora.com.ar\/web\/wp-json\/wp\/v2\/posts\/26917","targetHints":{"allow":["GET"]}}],"collection":[{"href":"https:\/\/radiobitacora.com.ar\/web\/wp-json\/wp\/v2\/posts"}],"about":[{"href":"https:\/\/radiobitacora.com.ar\/web\/wp-json\/wp\/v2\/types\/post"}],"author":[{"embeddable":true,"href":"https:\/\/radiobitacora.com.ar\/web\/wp-json\/wp\/v2\/users\/2"}],"replies":[{"embeddable":true,"href":"https:\/\/radiobitacora.com.ar\/web\/wp-json\/wp\/v2\/comments?post=26917"}],"version-history":[{"count":0,"href":"https:\/\/radiobitacora.com.ar\/web\/wp-json\/wp\/v2\/posts\/26917\/revisions"}],"wp:featuredmedia":[{"embeddable":true,"href":"https:\/\/radiobitacora.com.ar\/web\/wp-json\/wp\/v2\/media\/26918"}],"wp:attachment":[{"href":"https:\/\/radiobitacora.com.ar\/web\/wp-json\/wp\/v2\/media?parent=26917"}],"wp:term":[{"taxonomy":"category","embeddable":true,"href":"https:\/\/radiobitacora.com.ar\/web\/wp-json\/wp\/v2\/categories?post=26917"},{"taxonomy":"post_tag","embeddable":true,"href":"https:\/\/radiobitacora.com.ar\/web\/wp-json\/wp\/v2\/tags?post=26917"}],"curies":[{"name":"wp","href":"https:\/\/api.w.org\/{rel}","templated":true}]}}