{"id":26935,"date":"2025-10-14T09:09:28","date_gmt":"2025-10-14T12:09:28","guid":{"rendered":"https:\/\/radiobitacora.com.ar\/web\/?p=26935"},"modified":"2025-10-14T09:09:28","modified_gmt":"2025-10-14T12:09:28","slug":"comisaria-1-de-goya-recupero-una-moto-robada-de-santa-lucia","status":"publish","type":"post","link":"https:\/\/radiobitacora.com.ar\/web\/2025\/10\/14\/comisaria-1-de-goya-recupero-una-moto-robada-de-santa-lucia\/","title":{"rendered":"COMISAR\u00cdA 1\u00b0 DE GOYA RECUPER\u00d3 UNA MOTO ROBADA DE SANTA LUC\u00cdA"},"content":{"rendered":"<p style=\"font-weight: 400;\">EN OPERATIVO DE CONTROL<\/p>\n<p style=\"font-weight: 400;\">\n<p style=\"font-weight: 400;\">Efectivos de investigaciones de la Comisar\u00eda 1\u00b0 de Goya secuestraron en poder de un menor una moto Honda Wave sustra\u00edda de Santa Luc\u00eda, a fines de septiembre.<\/p>\n<p style=\"font-weight: 400;\">\n<p style=\"font-weight: 400;\">El hecho ocurri\u00f3 el d\u00eda 23 de septiembre, cuando una mujer hab\u00eda dejado estacionada su moto afuera de su casa, en Santa Luc\u00eda, y al salir se percat\u00f3 que se la hab\u00edan sustra\u00eddo.<\/p>\n<p style=\"font-weight: 400;\">\n<p style=\"font-weight: 400;\">En la ma\u00f1ana de hoy lunes, mientras los investigadores realizaban control de documentaci\u00f3n, identificaron una Honda Wave de color negra que era conducida por un menor, que al requerirle la documentaci\u00f3n el mismo manifest\u00f3 que se la hab\u00eda olvidado. Es as\u00ed que se verific\u00f3 con la base de datos, arrojando que la moto ten\u00eda pedido de secuestro.<\/p>\n<p style=\"font-weight: 400;\">\n<p style=\"font-weight: 400;\">Bajo las formalidades legales se procedi\u00f3 al secuestro del rodado y a la notificaci\u00f3n de la damnificada, quedando el rodado depositado en la Comisar\u00eda Primera de Goya, mientras que el menor, por razones legales, fue entregado a sus progenitores.<\/p>\n<p style=\"font-weight: 400;\">\n<p style=\"font-weight: 400;\">Direcci\u00f3n de Prensa &#8211; Municipalidad de Goya<\/p>\n","protected":false},"excerpt":{"rendered":"<p>EN OPERATIVO DE CONTROL Efectivos de investigaciones de la Comisar\u00eda 1\u00b0 de Goya secuestraron en poder de un menor una moto Honda Wave sustra\u00edda de Santa Luc\u00eda, a fines de septiembre. El hecho ocurri\u00f3 el d\u00eda 23 de septiembre, cuando una mujer hab\u00eda dejado estacionada su moto afuera de su casa, en Santa Luc\u00eda, y [&hellip;]<\/p>\n","protected":false},"author":2,"featured_media":26940,"comment_status":"open","ping_status":"open","sticky":false,"template":"","format":"standard","meta":{"footnotes":""},"categories":[84],"tags":[],"class_list":{"0":"post-26935","1":"post","2":"type-post","3":"status-publish","4":"format-standard","5":"has-post-thumbnail","7":"category-policiales"},"_links":{"self":[{"href":"https:\/\/radiobitacora.com.ar\/web\/wp-json\/wp\/v2\/posts\/26935","targetHints":{"allow":["GET"]}}],"collection":[{"href":"https:\/\/radiobitacora.com.ar\/web\/wp-json\/wp\/v2\/posts"}],"about":[{"href":"https:\/\/radiobitacora.com.ar\/web\/wp-json\/wp\/v2\/types\/post"}],"author":[{"embeddable":true,"href":"https:\/\/radiobitacora.com.ar\/web\/wp-json\/wp\/v2\/users\/2"}],"replies":[{"embeddable":true,"href":"https:\/\/radiobitacora.com.ar\/web\/wp-json\/wp\/v2\/comments?post=26935"}],"version-history":[{"count":0,"href":"https:\/\/radiobitacora.com.ar\/web\/wp-json\/wp\/v2\/posts\/26935\/revisions"}],"wp:featuredmedia":[{"embeddable":true,"href":"https:\/\/radiobitacora.com.ar\/web\/wp-json\/wp\/v2\/media\/26940"}],"wp:attachment":[{"href":"https:\/\/radiobitacora.com.ar\/web\/wp-json\/wp\/v2\/media?parent=26935"}],"wp:term":[{"taxonomy":"category","embeddable":true,"href":"https:\/\/radiobitacora.com.ar\/web\/wp-json\/wp\/v2\/categories?post=26935"},{"taxonomy":"post_tag","embeddable":true,"href":"https:\/\/radiobitacora.com.ar\/web\/wp-json\/wp\/v2\/tags?post=26935"}],"curies":[{"name":"wp","href":"https:\/\/api.w.org\/{rel}","templated":true}]}}