{"id":26952,"date":"2025-10-14T20:00:31","date_gmt":"2025-10-14T23:00:31","guid":{"rendered":"https:\/\/radiobitacora.com.ar\/web\/?p=26952"},"modified":"2025-10-14T20:02:45","modified_gmt":"2025-10-14T23:02:45","slug":"trail-de-aventura-la-neike-10a-edicion-2","status":"publish","type":"post","link":"https:\/\/radiobitacora.com.ar\/web\/2025\/10\/14\/trail-de-aventura-la-neike-10a-edicion-2\/","title":{"rendered":"TRAIL DE AVENTURA \u201cLA N\u00c9IKE\u201d, 10\u00aa EDICI\u00d3N"},"content":{"rendered":"<p style=\"font-weight: 400;\">Conferencia de Prensa<\/p>\n<p style=\"font-weight: 400;\">El mi\u00e9rcoles 15 de octubre a las 11 horas, en el Sal\u00f3n de Acuerdos, se har\u00e1 la presentaci\u00f3n de la carrera de aventura por medio de una Conferencia de Prensa.<\/p>\n<p style=\"font-weight: 400;\">En el encuentro con los comunicadores sociales se dar\u00e1n a conocer los detalles de la carrera, que en su 10\u00aa edici\u00f3n tiene la particularidad este a\u00f1o 2025, de cerrar el Circuito Correntino de Running.<\/p>\n<p style=\"font-weight: 400;\">\u00a0Se invita a periodistas, comunicadores, responsables de portales digitales a asistir a la Conferencia de Prensa para la correspondiente cobertura de la presentaci\u00f3n de la carrera de Aventura \u201cLa Neike\u201d<\/p>\n<p style=\"font-weight: 400;\">\u00a0Direcci\u00f3n de Prensa &#8211; Municipalidad de Goya<\/p>\n","protected":false},"excerpt":{"rendered":"<p>Conferencia de Prensa El mi\u00e9rcoles 15 de octubre a las 11 horas, en el Sal\u00f3n de Acuerdos, se har\u00e1 la presentaci\u00f3n de la carrera de aventura por medio de una Conferencia de Prensa. En el encuentro con los comunicadores sociales se dar\u00e1n a conocer los detalles de la carrera, que en su 10\u00aa edici\u00f3n tiene [&hellip;]<\/p>\n","protected":false},"author":2,"featured_media":26953,"comment_status":"open","ping_status":"open","sticky":false,"template":"","format":"standard","meta":{"footnotes":""},"categories":[78],"tags":[],"class_list":{"0":"post-26952","1":"post","2":"type-post","3":"status-publish","4":"format-standard","5":"has-post-thumbnail","7":"category-deportes"},"_links":{"self":[{"href":"https:\/\/radiobitacora.com.ar\/web\/wp-json\/wp\/v2\/posts\/26952","targetHints":{"allow":["GET"]}}],"collection":[{"href":"https:\/\/radiobitacora.com.ar\/web\/wp-json\/wp\/v2\/posts"}],"about":[{"href":"https:\/\/radiobitacora.com.ar\/web\/wp-json\/wp\/v2\/types\/post"}],"author":[{"embeddable":true,"href":"https:\/\/radiobitacora.com.ar\/web\/wp-json\/wp\/v2\/users\/2"}],"replies":[{"embeddable":true,"href":"https:\/\/radiobitacora.com.ar\/web\/wp-json\/wp\/v2\/comments?post=26952"}],"version-history":[{"count":0,"href":"https:\/\/radiobitacora.com.ar\/web\/wp-json\/wp\/v2\/posts\/26952\/revisions"}],"wp:featuredmedia":[{"embeddable":true,"href":"https:\/\/radiobitacora.com.ar\/web\/wp-json\/wp\/v2\/media\/26953"}],"wp:attachment":[{"href":"https:\/\/radiobitacora.com.ar\/web\/wp-json\/wp\/v2\/media?parent=26952"}],"wp:term":[{"taxonomy":"category","embeddable":true,"href":"https:\/\/radiobitacora.com.ar\/web\/wp-json\/wp\/v2\/categories?post=26952"},{"taxonomy":"post_tag","embeddable":true,"href":"https:\/\/radiobitacora.com.ar\/web\/wp-json\/wp\/v2\/tags?post=26952"}],"curies":[{"name":"wp","href":"https:\/\/api.w.org\/{rel}","templated":true}]}}