{"id":27007,"date":"2025-10-17T09:50:53","date_gmt":"2025-10-17T12:50:53","guid":{"rendered":"https:\/\/radiobitacora.com.ar\/web\/?p=27007"},"modified":"2025-10-17T09:51:01","modified_gmt":"2025-10-17T12:51:01","slug":"super-luna-iluminara-el-goya-rock-con-su-musica-original","status":"publish","type":"post","link":"https:\/\/radiobitacora.com.ar\/web\/2025\/10\/17\/super-luna-iluminara-el-goya-rock-con-su-musica-original\/","title":{"rendered":"S\u00daPER LUNA ILUMINAR\u00c1 EL &#8220;GOYA ROCK&#8221; CON SU M\u00daSICA ORIGINAL"},"content":{"rendered":"<p style=\"font-weight: 400;\">El vocalista Fabi\u00e1n Rodr\u00edguez anunci\u00f3 su participaci\u00f3n en el festival Goya Rock, destacando la oportunidad de presentar su repertorio propio y el apoyo a los m\u00fasicos locales.<\/p>\n<p style=\"font-weight: 400;\">Goya se prepara para vibrar al ritmo del &#8220;Goya Rock&#8221; este fin de semana en &#8220;La playita&#8221;, con la destacada participaci\u00f3n de la banda &#8220;S\u00faper Luna&#8221;. El m\u00fasico l\u00edder Fabi\u00e1n Rodr\u00edguez confirm\u00f3 su presencia en el festival, el domingo 19 de octubre a las 17 horas con entrada libre y gratuita, y prometi\u00f3 un espect\u00e1culo con canciones originales.<\/p>\n<p style=\"font-weight: 400;\">DOMINGO DE S\u00daPER LUNA<\/p>\n<p style=\"font-weight: 400;\">En declaraciones radiales, Rodr\u00edguez expres\u00f3 su entusiasmo por formar parte de este evento local: \u201cVamos a tocar el domingo, la verdad es que es la primera vez que vamos a participar en una convocatoria que es exclusivamente local y me alegra mucho: me siento parte de la comunidad de m\u00fasicos goyanos, que de la comunidad de m\u00fasicos correntinos, tengo contacto m\u00e1s fluido, tal vez, y eso hace que cada vez que surgen estas posibilidades de tocar en un festival de estas caracter\u00edsticas siempre prioriza los m\u00fasicos de la zona\u201d.<\/p>\n<p style=\"font-weight: 400;\">M\u00daSICOS GOYANOS<\/p>\n<p style=\"font-weight: 400;\">S\u00faper Luna se presentar\u00e1 con una formaci\u00f3n especial que incluye a &#8220;El Negro&#8221; Gil en la bater\u00eda, Gabriel Cuneo en la guitarra, Pacho Palacios en el bajo, Santi Malagrida en algunas canciones, y la incorporaci\u00f3n de Perico P\u00e9rez en el saxo.<\/p>\n<p style=\"font-weight: 400;\">El repertorio de la banda se basar\u00e1 exclusivamente en canciones propias, tanto en letra como en m\u00fasica. Rodr\u00edguez agradeci\u00f3 la oportunidad de presentar su material original, destacando la importancia de apoyar a los autores y compositores locales. &#8220;Quiero agradecer al Municipio que da la posibilidad, tambi\u00e9n a las bandas que componen, a los autores y compositores que hacen su propio material&#8221;, enfatiz\u00f3.<\/p>\n<p style=\"font-weight: 400;\">EL REPERTORIO<\/p>\n<p style=\"font-weight: 400;\">El l\u00edder y vocalista del grupo se\u00f1al\u00f3: \u201cla banda tiene un repertorio que se basa exclusivamente en canciones propias: letra y m\u00fasica propias. No tiene \u201ccovers\u201d. En esta oportunidad interpretamos cien por ciento canciones propias.\u00a0Recalco y agradezco la oportunidad que nos dan de tocar porque en la mayor\u00eda de los lugares, sino en todos, no te permiten tocar sino tocas \u201ccovers\u201d: en un pub, confiter\u00eda o festival, excepto en el Tarag\u00fci Rock, que a partir de este a\u00f1o se puso la condici\u00f3n de, si van a tocar bandas locales o regionales, deben interpretar repertorio propio, desde la primera a la \u00faltima canci\u00f3n\u201d.<\/p>\n<p style=\"font-weight: 400;\">\u201cPor eso quiero agradecer al Municipio que da esta posibilidad\u201d, reiter\u00f3 Fabi\u00e1n Rodr\u00edguez.<\/p>\n<p style=\"font-weight: 400;\">Direcci\u00f3n de Prensa \u2013 Municipalidad de Goya<\/p>\n","protected":false},"excerpt":{"rendered":"<p>El vocalista Fabi\u00e1n Rodr\u00edguez anunci\u00f3 su participaci\u00f3n en el festival Goya Rock, destacando la oportunidad de presentar su repertorio propio y el apoyo a los m\u00fasicos locales. Goya se prepara para vibrar al ritmo del &#8220;Goya Rock&#8221; este fin de semana en &#8220;La playita&#8221;, con la destacada participaci\u00f3n de la banda &#8220;S\u00faper Luna&#8221;. El m\u00fasico [&hellip;]<\/p>\n","protected":false},"author":2,"featured_media":27008,"comment_status":"open","ping_status":"open","sticky":false,"template":"","format":"standard","meta":{"footnotes":""},"categories":[56],"tags":[],"class_list":{"0":"post-27007","1":"post","2":"type-post","3":"status-publish","4":"format-standard","5":"has-post-thumbnail","7":"category-locales"},"_links":{"self":[{"href":"https:\/\/radiobitacora.com.ar\/web\/wp-json\/wp\/v2\/posts\/27007","targetHints":{"allow":["GET"]}}],"collection":[{"href":"https:\/\/radiobitacora.com.ar\/web\/wp-json\/wp\/v2\/posts"}],"about":[{"href":"https:\/\/radiobitacora.com.ar\/web\/wp-json\/wp\/v2\/types\/post"}],"author":[{"embeddable":true,"href":"https:\/\/radiobitacora.com.ar\/web\/wp-json\/wp\/v2\/users\/2"}],"replies":[{"embeddable":true,"href":"https:\/\/radiobitacora.com.ar\/web\/wp-json\/wp\/v2\/comments?post=27007"}],"version-history":[{"count":0,"href":"https:\/\/radiobitacora.com.ar\/web\/wp-json\/wp\/v2\/posts\/27007\/revisions"}],"wp:featuredmedia":[{"embeddable":true,"href":"https:\/\/radiobitacora.com.ar\/web\/wp-json\/wp\/v2\/media\/27008"}],"wp:attachment":[{"href":"https:\/\/radiobitacora.com.ar\/web\/wp-json\/wp\/v2\/media?parent=27007"}],"wp:term":[{"taxonomy":"category","embeddable":true,"href":"https:\/\/radiobitacora.com.ar\/web\/wp-json\/wp\/v2\/categories?post=27007"},{"taxonomy":"post_tag","embeddable":true,"href":"https:\/\/radiobitacora.com.ar\/web\/wp-json\/wp\/v2\/tags?post=27007"}],"curies":[{"name":"wp","href":"https:\/\/api.w.org\/{rel}","templated":true}]}}