{"id":27080,"date":"2025-10-21T09:18:22","date_gmt":"2025-10-21T12:18:22","guid":{"rendered":"https:\/\/radiobitacora.com.ar\/web\/?p=27080"},"modified":"2025-10-21T09:19:22","modified_gmt":"2025-10-21T12:19:22","slug":"el-festival-de-rock-de-goya-fue-la-oportunidad-de-ver-brillar-a-nuevos-talentos","status":"publish","type":"post","link":"https:\/\/radiobitacora.com.ar\/web\/2025\/10\/21\/el-festival-de-rock-de-goya-fue-la-oportunidad-de-ver-brillar-a-nuevos-talentos\/","title":{"rendered":"EL FESTIVAL DE ROCK DE GOYA FUE LA OPORTUNIDAD DE VER BRILLAR A NUEVOS TALENTOS"},"content":{"rendered":"<p style=\"font-weight: 400;\">Balance de la Direcci\u00f3n de Juventud<\/p>\n<p style=\"font-weight: 400;\">El festival de rock de Goya ha concluido, dejando a organizadores y asistentes complacidos.<\/p>\n<p style=\"font-weight: 400;\">\u00a0Celebrado durante el fin de semana en &#8220;Playa El Inga&#8221; en la Costanera Norte, el evento exhibi\u00f3 una mezcla de bandas de trayectoria y varias agrupaciones emergentes.<\/p>\n<p style=\"font-weight: 400;\">ESPACIO DE OPORTUNIDADES<\/p>\n<p style=\"font-weight: 400;\">Gast\u00f3n Espinosa, Director de Juventud, hizo un breve balance de lo acontecido, consider\u00f3 al festival como una vidriera para j\u00f3venes m\u00fasicos de rock: &#8220;La actuaci\u00f3n de los j\u00f3venes artistas fue notable, observamos el debut de nuevas bandas, un testimonio de la creciente escena del rock aqu\u00ed, con un nivel de musicalidad, tanto de las bandas emergentes como de las establecidas, excelente&#8221;.<\/p>\n<p style=\"font-weight: 400;\">\u201cComo dijo el intendente Mariano Hormaechea hab\u00eda que destacar la actuaci\u00f3n de los j\u00f3venes, que son un semillero del rock, esto se vio en la incorporaci\u00f3n de nuevas bandas que han surgido y que debutaron en el festival Goya Rock\u201d, dijo Espinosa.<\/p>\n<p style=\"font-weight: 400;\">Uno de los aspectos m\u00e1s interesantes del Goya Rock de este a\u00f1o fue el surgimiento de nuevas bandas que interpretan material original, combinados con los covers habituales, bandas tributos, destacando el espacio generado para mostrar ese potencial art\u00edstico.<\/p>\n<p style=\"font-weight: 400;\">LUGAR DE ENCUENTRO<\/p>\n<p style=\"font-weight: 400;\">Gast\u00f3n Espinoza destac\u00f3 la importancia de &#8220;El Inga&#8221; como lugar de encuentro: &#8220;El Inga, la Costanera Norte se ha convertido en un verdadero punto de encuentro, especialmente los fines de semana.<\/p>\n<p style=\"font-weight: 400;\">En relaci\u00f3n al show del fin de semana, sostuvo: \u201cLo que m\u00e1s me sorprendi\u00f3 de este Goya Rock fueron bandas que nunca hab\u00eda escuchado antes, tocando a un nivel tan alto, nos pone muy contento, el clima cooper\u00f3 perfectamente, la programaci\u00f3n del festival fue cuidadosamente organizada de acuerdo a la trayectoria y al p\u00fablico que es sobre todo familiar\u201d. Sintetiz\u00f3 el funcionario enumerando los aspectos salientes de la edici\u00f3n 2025.<\/p>\n<p style=\"font-weight: 400;\">El festival cont\u00f3 con 12 bandas el s\u00e1bado y 10 el domingo. El Director de Juventud elogi\u00f3 la profesionalidad y flexibilidad de las bandas para cumplir con el cronograma: &#8220;Tuvimos que cronometrar los tiempos para asegurarnos de que todos pudieran tocar, por eso agradecemos el compromiso y la humildad de las bandas que participaron.<\/p>\n<p style=\"font-weight: 400;\">Sabemos que algunas bandas presentan propuestas, pero Goya Rock es una vidriera para el talento local y queremos ayudar a estos artistas a crecer&#8221;.<\/p>\n<p style=\"font-weight: 400;\">Tambi\u00e9n fue importante la contribuci\u00f3n de la Direcci\u00f3n de Cultura a trav\u00e9s de la Escuela Municipal de M\u00fasica, con bandas como &#8220;C\u00f3digo QR&#8221; y \u201cRockSal\u201d \u201cnos sorprendieron cuando actuaron el s\u00e1bado&#8221;, dijo Espinosa, y agreg\u00f3 que ya est\u00e1n en marcha los planes para los eventos de verano.\u201d<\/p>\n<p style=\"font-weight: 400;\">LOS EMPRENDEDORES LOCALES<\/p>\n<p style=\"font-weight: 400;\">El festival de rock de Goya tambi\u00e9n proporcion\u00f3 una plataforma para los emprendedores locales, con m\u00e1s de 20 vendedores instalando sus puestos en la playa.<\/p>\n<p style=\"font-weight: 400;\">El intendente Mariano Hormaechea y Gast\u00f3n Espinoza recorrieron la zona, interactuando con los expositores, emprendedores que ofrec\u00edan una variedad de productos, desde comida hasta artesan\u00edas.<\/p>\n<p style=\"font-weight: 400;\">Direcci\u00f3n de Prensa-Municipalidad de Goya<\/p>\n<p style=\"font-weight: 400;\">\n","protected":false},"excerpt":{"rendered":"<p>Balance de la Direcci\u00f3n de Juventud El festival de rock de Goya ha concluido, dejando a organizadores y asistentes complacidos. \u00a0Celebrado durante el fin de semana en &#8220;Playa El Inga&#8221; en la Costanera Norte, el evento exhibi\u00f3 una mezcla de bandas de trayectoria y varias agrupaciones emergentes. ESPACIO DE OPORTUNIDADES Gast\u00f3n Espinosa, Director de Juventud, [&hellip;]<\/p>\n","protected":false},"author":2,"featured_media":27081,"comment_status":"open","ping_status":"open","sticky":false,"template":"","format":"standard","meta":{"footnotes":""},"categories":[56],"tags":[],"class_list":{"0":"post-27080","1":"post","2":"type-post","3":"status-publish","4":"format-standard","5":"has-post-thumbnail","7":"category-locales"},"_links":{"self":[{"href":"https:\/\/radiobitacora.com.ar\/web\/wp-json\/wp\/v2\/posts\/27080","targetHints":{"allow":["GET"]}}],"collection":[{"href":"https:\/\/radiobitacora.com.ar\/web\/wp-json\/wp\/v2\/posts"}],"about":[{"href":"https:\/\/radiobitacora.com.ar\/web\/wp-json\/wp\/v2\/types\/post"}],"author":[{"embeddable":true,"href":"https:\/\/radiobitacora.com.ar\/web\/wp-json\/wp\/v2\/users\/2"}],"replies":[{"embeddable":true,"href":"https:\/\/radiobitacora.com.ar\/web\/wp-json\/wp\/v2\/comments?post=27080"}],"version-history":[{"count":0,"href":"https:\/\/radiobitacora.com.ar\/web\/wp-json\/wp\/v2\/posts\/27080\/revisions"}],"wp:featuredmedia":[{"embeddable":true,"href":"https:\/\/radiobitacora.com.ar\/web\/wp-json\/wp\/v2\/media\/27081"}],"wp:attachment":[{"href":"https:\/\/radiobitacora.com.ar\/web\/wp-json\/wp\/v2\/media?parent=27080"}],"wp:term":[{"taxonomy":"category","embeddable":true,"href":"https:\/\/radiobitacora.com.ar\/web\/wp-json\/wp\/v2\/categories?post=27080"},{"taxonomy":"post_tag","embeddable":true,"href":"https:\/\/radiobitacora.com.ar\/web\/wp-json\/wp\/v2\/tags?post=27080"}],"curies":[{"name":"wp","href":"https:\/\/api.w.org\/{rel}","templated":true}]}}