{"id":27097,"date":"2025-10-22T09:11:27","date_gmt":"2025-10-22T12:11:27","guid":{"rendered":"https:\/\/radiobitacora.com.ar\/web\/?p=27097"},"modified":"2025-10-22T09:11:27","modified_gmt":"2025-10-22T12:11:27","slug":"evite-estafas-invico-no-cuenta-con-gestores","status":"publish","type":"post","link":"https:\/\/radiobitacora.com.ar\/web\/2025\/10\/22\/evite-estafas-invico-no-cuenta-con-gestores\/","title":{"rendered":"EVITE ESTAFAS: INVICO NO CUENTA CON GESTORES"},"content":{"rendered":"<p>&nbsp;<\/p>\n<p>El Instituto de Viviendas de Corrientes, a los efectos de evitar estafas comunica a la ciudadan\u00eda que no cuenta con gestores para la realizaci\u00f3n de tr\u00e1mites ante ese organismo provincial.<\/p>\n<p>&nbsp;<\/p>\n<p>En un comunicado que dio a conocer el Instituto de la Vivienda, afirma no contar con gestores ni intermediarios para la consulta o realizaci\u00f3n de tr\u00e1mites ante esa dependencia.<\/p>\n<p>&nbsp;<\/p>\n<p>Recomienda por tanto a la poblaci\u00f3n que, ante cualquier duda, decida acercarse a las oficinas correspondientes, en la capital correntina en San Juan 460 o San Mart\u00edn 990, y en la ciudad de Goya en Juan Esteban Mart\u00ednez 94.<\/p>\n<p>&nbsp;<\/p>\n<p>Adem\u00e1s, sugiere buscar la informaci\u00f3n en la p\u00e1gina oficial del organismo:\u00a0<a href=\"http:\/\/www.invico.gov.ar\/\" data-saferedirecturl=\"https:\/\/www.google.com\/url?q=http:\/\/www.invico.gov.ar\/&amp;source=gmail&amp;ust=1761220303806000&amp;usg=AOvVaw0lTf75oCHlAsdaCcgUNCkb\">www.invico.gov.ar<\/a><\/p>\n<p>&nbsp;<\/p>\n<p>Direcci\u00f3n de Prensa &#8211; Municipalidad de Goya<\/p>\n","protected":false},"excerpt":{"rendered":"<p>&nbsp; El Instituto de Viviendas de Corrientes, a los efectos de evitar estafas comunica a la ciudadan\u00eda que no cuenta con gestores para la realizaci\u00f3n de tr\u00e1mites ante ese organismo provincial. &nbsp; En un comunicado que dio a conocer el Instituto de la Vivienda, afirma no contar con gestores ni intermediarios para la consulta o [&hellip;]<\/p>\n","protected":false},"author":2,"featured_media":27098,"comment_status":"open","ping_status":"open","sticky":false,"template":"","format":"standard","meta":{"footnotes":""},"categories":[56],"tags":[],"class_list":{"0":"post-27097","1":"post","2":"type-post","3":"status-publish","4":"format-standard","5":"has-post-thumbnail","7":"category-locales"},"_links":{"self":[{"href":"https:\/\/radiobitacora.com.ar\/web\/wp-json\/wp\/v2\/posts\/27097","targetHints":{"allow":["GET"]}}],"collection":[{"href":"https:\/\/radiobitacora.com.ar\/web\/wp-json\/wp\/v2\/posts"}],"about":[{"href":"https:\/\/radiobitacora.com.ar\/web\/wp-json\/wp\/v2\/types\/post"}],"author":[{"embeddable":true,"href":"https:\/\/radiobitacora.com.ar\/web\/wp-json\/wp\/v2\/users\/2"}],"replies":[{"embeddable":true,"href":"https:\/\/radiobitacora.com.ar\/web\/wp-json\/wp\/v2\/comments?post=27097"}],"version-history":[{"count":0,"href":"https:\/\/radiobitacora.com.ar\/web\/wp-json\/wp\/v2\/posts\/27097\/revisions"}],"wp:featuredmedia":[{"embeddable":true,"href":"https:\/\/radiobitacora.com.ar\/web\/wp-json\/wp\/v2\/media\/27098"}],"wp:attachment":[{"href":"https:\/\/radiobitacora.com.ar\/web\/wp-json\/wp\/v2\/media?parent=27097"}],"wp:term":[{"taxonomy":"category","embeddable":true,"href":"https:\/\/radiobitacora.com.ar\/web\/wp-json\/wp\/v2\/categories?post=27097"},{"taxonomy":"post_tag","embeddable":true,"href":"https:\/\/radiobitacora.com.ar\/web\/wp-json\/wp\/v2\/tags?post=27097"}],"curies":[{"name":"wp","href":"https:\/\/api.w.org\/{rel}","templated":true}]}}