{"id":27106,"date":"2025-10-22T09:20:06","date_gmt":"2025-10-22T12:20:06","guid":{"rendered":"https:\/\/radiobitacora.com.ar\/web\/?p=27106"},"modified":"2025-10-22T09:20:54","modified_gmt":"2025-10-22T12:20:54","slug":"goya-celebrara-la-diversidad-cultural-en-la-fiesta-provincial-del-inmigrante","status":"publish","type":"post","link":"https:\/\/radiobitacora.com.ar\/web\/2025\/10\/22\/goya-celebrara-la-diversidad-cultural-en-la-fiesta-provincial-del-inmigrante\/","title":{"rendered":"GOYA CELEBRAR\u00c1 LA DIVERSIDAD CULTURAL EN LA FIESTA PROVINCIAL DEL INMIGRANTE"},"content":{"rendered":"<p style=\"font-weight: 400;\">\u00a0La ciudad de Goya se prepara para la Fiesta Provincial del Inmigrante, un evento gratuito que se llevar\u00e1 a cabo del 14 al 16 de noviembre en el predio Costa Surub\u00ed.<\/p>\n<p style=\"font-weight: 400;\">Este a\u00f1o, la fiesta reunir\u00e1 a representantes de 23 colectividades, un hito en la historia del evento, que tendr\u00e1 apoyo de la Municipalidad de Goya.<\/p>\n<p style=\"font-weight: 400;\">Integrantes de la comisi\u00f3n organizadora, en declaraciones radiales, destacaron la idea de proyectar la fiesta. M\u00f3nica Pazos, presidente de la comisi\u00f3n, explic\u00f3: \u201cNuestro principal objetivo este a\u00f1o es que toda la provincia de Corrientes reconozca la fiesta como un evento de alcance provincial, que puedan verla como lo provincial que es; y pudimos ser escuchados: obviamente que cuesta, hay que golpear puertas y viajar, hemos trabajado arduamente, incluso participando en la Feria Internacional de Turismo, donde promocionamos la fiesta y establecimos valiosos contactos con representantes de otras provincias y embajadas\u201d.<\/p>\n<p style=\"font-weight: 400;\">R\u00c9CORD DE PARTICIPACI\u00d3N<\/p>\n<p style=\"font-weight: 400;\">M\u00f3nica Pazos tambi\u00e9n subray\u00f3 el r\u00e9cord de 23 colectividades participantes, incluyendo representantes de Italia, Per\u00fa, Colombia, Rumania, Bolivia, Senegal y China, muchos de ellos nacidos en sus pa\u00edses de origen.<\/p>\n<p style=\"font-weight: 400;\">Pazos adelant\u00f3: \u201cContaremos con la presencia de alumnas del colegio secundario de Isabel Victoria, quienes presentar\u00e1n candidatas a reina. Invitamos a todos los municipios e instituciones a unirse a esta celebraci\u00f3n, que consideramos la tercera en importancia cultural en Goya, despu\u00e9s del chamam\u00e9 y el carnaval\u201d.<\/p>\n<p style=\"font-weight: 400;\">APOYO DEL SENADO PROVINCIAL<\/p>\n<p style=\"font-weight: 400;\">Gracias a las gestiones del senador Ignacio Osella, el Senado de la provincia de Corrientes enviar\u00e1 su equipo de cultura, que ofrecer\u00e1 un espect\u00e1culo con un ballet espa\u00f1ol, un coro y una orquesta el viernes 14.<\/p>\n<p style=\"font-weight: 400;\">La programaci\u00f3n de la fiesta incluye:<\/p>\n<p style=\"font-weight: 400;\">Viernes 14 de noviembre: Ceremonia inaugural y presentaci\u00f3n de las reinas de cada colectividad.<\/p>\n<p style=\"font-weight: 400;\">S\u00e1bado 15 de noviembre: Elecci\u00f3n de la Reina Provincial del Inmigrante, con la participaci\u00f3n de ballets invitados de otras provincias.<\/p>\n<p style=\"font-weight: 400;\">Domingo 16 de noviembre: Gran cierre de la fiesta. Presentaci\u00f3n de ballets locales y for\u00e1neos. Desfile.<\/p>\n<p style=\"font-weight: 400;\">Previamente, el domingo 2 de noviembre se har\u00e1 la Coronaci\u00f3n de las reinas de colectividades en Costanera Norte Playa \u201cEl Inga\u201d, a las 19 horas.<\/p>\n<p style=\"font-weight: 400;\">UN VIAJE A LAS RA\u00cdCES<\/p>\n<p style=\"font-weight: 400;\">La profesora Carolina Salas, con experiencia en el trabajo con las colectividades de Israel y Polonia, invit\u00f3 a todos a participar: \u201cEsta fiesta es un homenaje a nuestros ancestros y a la riqueza de nuestras ra\u00edces, en mi caso, yo siento que estoy en la fiesta por mis abuelos italianos y espa\u00f1oles. Nos representa a cada uno porque mantiene la esencia de nuestros ancestros, uno no debe olvidarse nunca de d\u00f3nde vino. Los esperamos con sus mates y silletas para disfrutar de la gastronom\u00eda, los trajes t\u00edpicos y las exposiciones de cada colectividad\u201d.<\/p>\n<p style=\"font-weight: 400;\">\u00a0\u201cNos reunimos con el se\u00f1or intendente Mariano Hormaechea quien puso a disposici\u00f3n a las diferentes \u00e1reas de la Municipalidad para que trabajen en esta fiesta. Y de verdad que estamos trabajando de forma conjunta con la Municipalidad, agradeciendo adem\u00e1s a M\u00f3nica Rojas de Turismo que nos facilita el trabajo con las reinas\u201d, sostuvo.<\/p>\n<p style=\"font-weight: 400;\">GUARDIANES DE LA CULTURA<\/p>\n<p style=\"font-weight: 400;\">Carolina Salas tambi\u00e9n resalt\u00f3 la importancia de involucrar a los ni\u00f1os: \u201cEl domingo tendremos un desfile de \u201cGuardianes de la cultura\u2019, ni\u00f1os que representar\u00e1n a las colectividades\u201d. El viernes se elegir\u00e1 al embajador, el s\u00e1bado a la reina, y el domingo estar\u00e1 dedicado a la danza, con la participaci\u00f3n especial de los ni\u00f1os: \u201cQueremos recrear la magia de los antiguos carnavales, la\u00a0 idea es volver un poco a ese carnaval de antes de los alrededores de la plaza San Mart\u00edn \u2013memor\u00f3 la profesora- donde pon\u00edan a los chicos sobre el auto y daban la vueltita\u201d.<\/p>\n<p style=\"font-weight: 400;\">Invit\u00f3 a instituciones diversas, a sumarse al desfile, destacando que \u201cla convocatoria est\u00e1 abierta a comparsas, institutos de danzas y otros, tienen las puertas abiertas, queremos que este desfile sea \u00fanico\u201d.<\/p>\n<p style=\"font-weight: 400;\">Tambi\u00e9n \u201cvendr\u00e1n dos ballets de la localidad de Ober\u00e1 (Misiones), de Las Bre\u00f1as (Chaco) y de Humboldt (Santa Fe), aparte de los ballets de Goya, que son muchos, colaboran y hacen mucho por la fiesta, con profesoras como Marina Belucci, Ver\u00f3nica Ahlbom, Juanita Aguirre, Lourdes Molina, Nadia Quintana, Selva Vera, Geraldine Alderete, Florencia y Natalia Parodi, y otros diferentes profes que se suman el d\u00eda domingo a la tarde dedicado a la danza\u201d.<\/p>\n<p style=\"font-weight: 400;\">COMUNIDAD \u00c1RABE<\/p>\n<p style=\"font-weight: 400;\">Zoraida Chebl, representante de las colectividades de pa\u00edses \u00e1rabes, extendi\u00f3 una invitaci\u00f3n a la comunidad: \u201cRepresentamos a 22 pa\u00edses y queremos que todos se acerquen a conocernos y a descubrir sus ra\u00edces\u201d.<\/p>\n<p style=\"font-weight: 400;\">\u201cSolamente en Goya se conocen descendientes sirios, libaneses, egipcios, con esto quiero invitar a la gente y la comunidad que vayan investigando y se acerquen a nosotros, a cualquier colectividad, con las que se sientan identificados y podemos ayudarlos\u201d.<\/p>\n<p style=\"font-weight: 400;\">Ante la consulta de c\u00f3mo establecer contacto, se\u00f1al\u00f3: \u201cPueden contactarnos en la Casa de la Cultura\u201d.<\/p>\n<p style=\"font-weight: 400;\">Los organizadores conf\u00edan en que el clima ser\u00e1 favorable este a\u00f1o, permitiendo que la Fiesta Provincial del Inmigrante sea un \u00e9xito rotundo y una verdadera celebraci\u00f3n de la diversidad cultural de Goya.<\/p>\n<p style=\"font-weight: 400;\">\n","protected":false},"excerpt":{"rendered":"<p>\u00a0La ciudad de Goya se prepara para la Fiesta Provincial del Inmigrante, un evento gratuito que se llevar\u00e1 a cabo del 14 al 16 de noviembre en el predio Costa Surub\u00ed. Este a\u00f1o, la fiesta reunir\u00e1 a representantes de 23 colectividades, un hito en la historia del evento, que tendr\u00e1 apoyo de la Municipalidad de [&hellip;]<\/p>\n","protected":false},"author":2,"featured_media":27107,"comment_status":"open","ping_status":"open","sticky":false,"template":"","format":"standard","meta":{"footnotes":""},"categories":[56],"tags":[],"class_list":{"0":"post-27106","1":"post","2":"type-post","3":"status-publish","4":"format-standard","5":"has-post-thumbnail","7":"category-locales"},"_links":{"self":[{"href":"https:\/\/radiobitacora.com.ar\/web\/wp-json\/wp\/v2\/posts\/27106","targetHints":{"allow":["GET"]}}],"collection":[{"href":"https:\/\/radiobitacora.com.ar\/web\/wp-json\/wp\/v2\/posts"}],"about":[{"href":"https:\/\/radiobitacora.com.ar\/web\/wp-json\/wp\/v2\/types\/post"}],"author":[{"embeddable":true,"href":"https:\/\/radiobitacora.com.ar\/web\/wp-json\/wp\/v2\/users\/2"}],"replies":[{"embeddable":true,"href":"https:\/\/radiobitacora.com.ar\/web\/wp-json\/wp\/v2\/comments?post=27106"}],"version-history":[{"count":0,"href":"https:\/\/radiobitacora.com.ar\/web\/wp-json\/wp\/v2\/posts\/27106\/revisions"}],"wp:featuredmedia":[{"embeddable":true,"href":"https:\/\/radiobitacora.com.ar\/web\/wp-json\/wp\/v2\/media\/27107"}],"wp:attachment":[{"href":"https:\/\/radiobitacora.com.ar\/web\/wp-json\/wp\/v2\/media?parent=27106"}],"wp:term":[{"taxonomy":"category","embeddable":true,"href":"https:\/\/radiobitacora.com.ar\/web\/wp-json\/wp\/v2\/categories?post=27106"},{"taxonomy":"post_tag","embeddable":true,"href":"https:\/\/radiobitacora.com.ar\/web\/wp-json\/wp\/v2\/tags?post=27106"}],"curies":[{"name":"wp","href":"https:\/\/api.w.org\/{rel}","templated":true}]}}