{"id":27150,"date":"2025-10-24T10:15:31","date_gmt":"2025-10-24T13:15:31","guid":{"rendered":"https:\/\/radiobitacora.com.ar\/web\/?p=27150"},"modified":"2025-10-24T10:15:31","modified_gmt":"2025-10-24T13:15:31","slug":"delegacion-de-goya-concluyo-con-exito-su-participacion-en-instancia-zonal","status":"publish","type":"post","link":"https:\/\/radiobitacora.com.ar\/web\/2025\/10\/24\/delegacion-de-goya-concluyo-con-exito-su-participacion-en-instancia-zonal\/","title":{"rendered":"DELEGACI\u00d3N DE GOYA CONCLUY\u00d3 CON \u00c9XITO SU PARTICIPACI\u00d3N EN INSTANCIA ZONAL"},"content":{"rendered":"<p style=\"font-weight: 400;\">Juegos Culturales Correntinos<\/p>\n<p style=\"font-weight: 400;\">\n<p style=\"font-weight: 400;\">La delegaci\u00f3n de Goya tuvo una destacada participaci\u00f3n en la instancia zonal de los Juegos Culturales Correntinos, celebrada el mi\u00e9rcoles 22 de octubre en la Casa del Bicentenario de Curuz\u00fa Cuati\u00e1. Lisandro Stalla, coordinador local de los juegos, inform\u00f3 que los j\u00f3venes de Goya lograron clasificarse para la final provincial.<\/p>\n<p style=\"font-weight: 400;\">\n<p style=\"font-weight: 400;\">Los Juegos Correntinos abarcan diversas disciplinas art\u00edsticas, incluyendo Pintura, Dibujo, Historieta, Baile Solista, Canto Solista y Conjunto Musical. La etapa local de los juegos se realiz\u00f3 en septiembre en el Teatro Municipal de Goya, donde se seleccionaron a los representantes que participaron en la instancia zonal. Este a\u00f1o, la delegaci\u00f3n goyana cont\u00f3 con la inclusi\u00f3n de j\u00f3venes provenientes de Yatay Ti Calle, Carolina y Lavalle.<\/p>\n<p style=\"font-weight: 400;\">\n<p style=\"font-weight: 400;\">En declaraciones radiales, Lisandro Stalla expres\u00f3 su satisfacci\u00f3n por los resultados obtenidos y resalt\u00f3 la c\u00e1lida recepci\u00f3n en Curuz\u00fa Cuati\u00e1: \u201cNos recibieron de manera espectacular, especialmente el subdirector de Cultura, Marcelo Sandoval, quien se mostr\u00f3 incansable en la atenci\u00f3n a todos. La hospitalidad fue excelente\u201d, dijo.<\/p>\n<p style=\"font-weight: 400;\">\n<p style=\"font-weight: 400;\">RESULTADOS Y RECONOCIMIENTOS<\/p>\n<p style=\"font-weight: 400;\">Stalla destac\u00f3 el alto nivel de participaci\u00f3n de la delegaci\u00f3n de Goya, que logr\u00f3 decir presente en casi un noventa por ciento de las disciplinas. \u201cTrajimos muchos premios y logramos el objetivo de clasificar a la instancia provincial en todas las disciplinas en las que participamos\u201d, afirm\u00f3.<\/p>\n<p style=\"font-weight: 400;\">\n<p style=\"font-weight: 400;\">Adem\u00e1s, resalt\u00f3 la integraci\u00f3n de j\u00f3venes de otras localidades: \u201cSe sumaron chicos de Yatay Ti Calle, Colonia Carolina y Lavalle, quienes demostraron su talento\u201d. En particular, mencion\u00f3 la participaci\u00f3n de un alumno de Batel en la categor\u00eda Canto Solista Sub 18, quien, a pesar de no ganar, vivi\u00f3 una experiencia enriquecedora. Brisa Eliana D\u00edaz, de Goya, fue la ganadora en esta categor\u00eda.<\/p>\n<p style=\"font-weight: 400;\">\n<p style=\"font-weight: 400;\">Los representantes de Colonia Carolina y Lavalle tambi\u00e9n lograron destacarse, obteniendo la clasificaci\u00f3n a la instancia provincial en las disciplinas de Dibujo y Pintura.<\/p>\n<p style=\"font-weight: 400;\">\n<p style=\"font-weight: 400;\">En Danza, la competencia en la categor\u00eda Sub 18 result\u00f3 en un empate, reflejando el alto nivel de los participantes.<\/p>\n<p style=\"font-weight: 400;\">\n<p style=\"font-weight: 400;\">Stalla explic\u00f3 que en la instancia zonal se seleccionaron a los ganadores de las zonas 3 y 4, con la coordinaci\u00f3n de Sara Spagnolo, quien supervis\u00f3 la correcta identificaci\u00f3n de los participantes de cada zona.<\/p>\n<p style=\"font-weight: 400;\">\n<p style=\"font-weight: 400;\">Lisandro Stalla agradeci\u00f3 el apoyo de la Municipalidad de Goya, a trav\u00e9s de la Secretar\u00eda de Gobierno y resalt\u00f3 el apoyo del director de Cultura, Manuel Zampar, por brindar la log\u00edstica necesaria para el traslado y cuidado de los j\u00f3venes artistas. \u201cEs un apoyo incre\u00edble en cuanto a todo lo que sea la log\u00edstica, traslado, sonido, todo esto posibilit\u00f3 que algunos padres vayan y vean cu\u00e1l es la situaci\u00f3n de los chicos cuando viajan: c\u00f3mo van cuidados y protegidos\u201d, asegur\u00f3 Stalla.<\/p>\n<p style=\"font-weight: 400;\">\n<p style=\"font-weight: 400;\">Direcci\u00f3n de Prensa &#8211; Municipalidad de Goya<\/p>\n","protected":false},"excerpt":{"rendered":"<p>Juegos Culturales Correntinos La delegaci\u00f3n de Goya tuvo una destacada participaci\u00f3n en la instancia zonal de los Juegos Culturales Correntinos, celebrada el mi\u00e9rcoles 22 de octubre en la Casa del Bicentenario de Curuz\u00fa Cuati\u00e1. Lisandro Stalla, coordinador local de los juegos, inform\u00f3 que los j\u00f3venes de Goya lograron clasificarse para la final provincial. Los Juegos [&hellip;]<\/p>\n","protected":false},"author":2,"featured_media":27151,"comment_status":"open","ping_status":"open","sticky":false,"template":"","format":"standard","meta":{"footnotes":""},"categories":[56],"tags":[],"class_list":{"0":"post-27150","1":"post","2":"type-post","3":"status-publish","4":"format-standard","5":"has-post-thumbnail","7":"category-locales"},"_links":{"self":[{"href":"https:\/\/radiobitacora.com.ar\/web\/wp-json\/wp\/v2\/posts\/27150","targetHints":{"allow":["GET"]}}],"collection":[{"href":"https:\/\/radiobitacora.com.ar\/web\/wp-json\/wp\/v2\/posts"}],"about":[{"href":"https:\/\/radiobitacora.com.ar\/web\/wp-json\/wp\/v2\/types\/post"}],"author":[{"embeddable":true,"href":"https:\/\/radiobitacora.com.ar\/web\/wp-json\/wp\/v2\/users\/2"}],"replies":[{"embeddable":true,"href":"https:\/\/radiobitacora.com.ar\/web\/wp-json\/wp\/v2\/comments?post=27150"}],"version-history":[{"count":0,"href":"https:\/\/radiobitacora.com.ar\/web\/wp-json\/wp\/v2\/posts\/27150\/revisions"}],"wp:featuredmedia":[{"embeddable":true,"href":"https:\/\/radiobitacora.com.ar\/web\/wp-json\/wp\/v2\/media\/27151"}],"wp:attachment":[{"href":"https:\/\/radiobitacora.com.ar\/web\/wp-json\/wp\/v2\/media?parent=27150"}],"wp:term":[{"taxonomy":"category","embeddable":true,"href":"https:\/\/radiobitacora.com.ar\/web\/wp-json\/wp\/v2\/categories?post=27150"},{"taxonomy":"post_tag","embeddable":true,"href":"https:\/\/radiobitacora.com.ar\/web\/wp-json\/wp\/v2\/tags?post=27150"}],"curies":[{"name":"wp","href":"https:\/\/api.w.org\/{rel}","templated":true}]}}