{"id":27171,"date":"2025-10-25T19:48:39","date_gmt":"2025-10-25T22:48:39","guid":{"rendered":"https:\/\/radiobitacora.com.ar\/web\/?p=27171"},"modified":"2025-10-25T19:48:39","modified_gmt":"2025-10-25T22:48:39","slug":"la-escuela-especial-n-2-john-f-kennedy-estreno-edificio-renovado-estamos-muy-contentos-de-volver-a-nuestra-casa","status":"publish","type":"post","link":"https:\/\/radiobitacora.com.ar\/web\/2025\/10\/25\/la-escuela-especial-n-2-john-f-kennedy-estreno-edificio-renovado-estamos-muy-contentos-de-volver-a-nuestra-casa\/","title":{"rendered":"LA ESCUELA ESPECIAL N\u00b0 2 \u201cJOHN F. KENNEDY\u201d ESTREN\u00d3 EDIFICIO RENOVADO: \u201cESTAMOS MUY CONTENTOS DE VOLVER A NUESTRA CASA\u201d"},"content":{"rendered":"<p style=\"font-weight: 400;\">\n<p style=\"font-weight: 400;\">El pasado mi\u00e9rcoles, el gobernador de la provincia, doctor Gustavo Vald\u00e9s, junto al intendente municipal, doctor Mariano Hormaechea, encabezaron el acto de inauguraci\u00f3n de la ampliaci\u00f3n y refacciones integrales de la Escuela Especial N\u00b0 2 \u201cJohn F. Kennedy\u201d, ubicada en Bartolom\u00e9 Mitre 1229, en la ciudad de Goya.<\/p>\n<p style=\"font-weight: 400;\">La obra contempl\u00f3 no solo mejoras edilicias, sino tambi\u00e9n la autorizaci\u00f3n de un espacio recreativo y l\u00fadico, enmarcado en el Mes de la Plena Inclusi\u00f3n, dotando a la instituci\u00f3n de un entorno pensado especialmente para la integraci\u00f3n y el bienestar de sus estudiantes.<\/p>\n<p style=\"font-weight: 400;\">La directora del establecimiento educativo, profesora Ver\u00f3nica Nicoletti, dialog\u00f3 con Radio Ciudad 88.3, donde expres\u00f3 la profunda emoci\u00f3n que vivieron docentes, alumnos y padres durante la inauguraci\u00f3n.<\/p>\n<p style=\"font-weight: 400;\">\u201cEstamos muy contentos de estar en nuestro edificio escolar, volver a nuestra casa\u201d, manifest\u00f3.<\/p>\n<p style=\"font-weight: 400;\">Nicoletti destac\u00f3 que el edificio fue completamente pensado en funci\u00f3n de las necesidades de la educaci\u00f3n especial, priorizando la accesibilidad y el dise\u00f1o inclusivo.<\/p>\n<p style=\"font-weight: 400;\">Una casa que tuvo todas las reformas pensadas en esto, cuando hablamos de educaci\u00f3n especial hablamos de facilitar la accesibilidad. Contar hoy con elementos tan importantes que no estaban en el dise\u00f1o original, como el ascensor, permite que aquellos alumnos con dificultades motrices puedan acceder al piso superior. Hoy la escuela est\u00e1 ideada y dise\u00f1ada para esa posibilidad.<\/p>\n<p style=\"font-weight: 400;\">La directora subray\u00f3 que la incorporaci\u00f3n del ascensor fue un cambio significativo para garantizar la inclusi\u00f3n total dentro del edificio.<\/p>\n<p style=\"font-weight: 400;\">\u201cHoy d\u00eda todos los ni\u00f1os pueden tener acceso a todos los espacios de la instituci\u00f3n, porque antes aquellos que ten\u00edan problemas motrices no pod\u00edan subir. Generalmente los grados estaban abajo. Ahora s\u00ed pueden acceder a todos los espacios gracias al ascensor\u201d, expres\u00f3.<\/p>\n<p style=\"font-weight: 400;\">En el marco del Mes de la Plena Inclusi\u00f3n, la comunidad educativa de la Escuela Especial N\u00b0 2 ya hab\u00eda comenzado a utilizar las nuevas instalaciones antes de la inauguraci\u00f3n oficial, realizando actividades recreativas con otras instituciones.<\/p>\n<p style=\"font-weight: 400;\">\u201cGracias a Dios, en nuestro edificio ya pudimos hacer la jornada recreativa donde recibimos a otras instituciones, tanto en el turno ma\u00f1ana como en el turno tarde. Despu\u00e9s tuvimos la inauguraci\u00f3n, as\u00ed que estamos a full con el mes de la plena inclusi\u00f3n\u201d, destac\u00f3 Nicoletti.<\/p>\n<p style=\"font-weight: 400;\">La directora tambi\u00e9n resalt\u00f3 el compromiso y la vocaci\u00f3n del equipo docente que forma parte de la instituci\u00f3n.<\/p>\n<p style=\"font-weight: 400;\">\u201cContamos con grandes profesionales, todos con su t\u00edtulo y con mucha dedicaci\u00f3n hacia los ni\u00f1os con los que trabajamos. Gracias a Dios son muy dedicados y comprometidos, teniendo en cuenta las problem\u00e1ticas de cada ni\u00f1o y lo que requieren cada uno. Siempre se individualiza y se atiende de acuerdo a las necesidades de cada chico\u201d, subray\u00f3.<\/p>\n<p style=\"font-weight: 400;\">Asimismo, habl\u00f3 sobre la importancia del trabajo interdisciplinario que caracteriza a la educaci\u00f3n especial, donde diferentes profesionales \u2014fonoaudi\u00f3logos, terapeutas, profesores de educaci\u00f3n f\u00edsica y de talleres ocupacionales\u2014 trabajan de manera articulada.<\/p>\n<p style=\"font-weight: 400;\">\u201cSe trata de que los chicos sean constructores de su futuro tambi\u00e9n. Brindarles todas las posibilidades para que sean aut\u00f3nomos, para que puedan desenvolverse en la vida cotidiana. Constructores del futuro, m\u00e1s que nada\u201d, enfatiz\u00f3.<\/p>\n<p style=\"font-weight: 400;\">Finalmente, la directora agradeci\u00f3 el acompa\u00f1amiento y la difusi\u00f3n de este importante logro institucional: \u201cMuchas gracias por estar presentes y difundir todo lo logrado en el Mes de la Plena Inclusi\u00f3n. Ya estamos en nuestro edificio, en nuestra casa, as\u00ed que much\u00edsimas gracias tambi\u00e9n a los medios por darnos el espacio\u201d, concluy\u00f3 Ver\u00f3nica Nicoletti.<\/p>\n<p style=\"font-weight: 400;\">\n<p style=\"font-weight: 400;\">\n<p style=\"font-weight: 400;\">\n<p style=\"font-weight: 400;\">\n<p style=\"font-weight: 400;\">Direcci\u00f3n de Prensa- Municipalidad de Goya.<\/p>\n","protected":false},"excerpt":{"rendered":"<p>El pasado mi\u00e9rcoles, el gobernador de la provincia, doctor Gustavo Vald\u00e9s, junto al intendente municipal, doctor Mariano Hormaechea, encabezaron el acto de inauguraci\u00f3n de la ampliaci\u00f3n y refacciones integrales de la Escuela Especial N\u00b0 2 \u201cJohn F. Kennedy\u201d, ubicada en Bartolom\u00e9 Mitre 1229, en la ciudad de Goya. La obra contempl\u00f3 no solo mejoras edilicias, [&hellip;]<\/p>\n","protected":false},"author":2,"featured_media":27172,"comment_status":"open","ping_status":"open","sticky":false,"template":"","format":"standard","meta":{"footnotes":""},"categories":[56],"tags":[],"class_list":{"0":"post-27171","1":"post","2":"type-post","3":"status-publish","4":"format-standard","5":"has-post-thumbnail","7":"category-locales"},"_links":{"self":[{"href":"https:\/\/radiobitacora.com.ar\/web\/wp-json\/wp\/v2\/posts\/27171","targetHints":{"allow":["GET"]}}],"collection":[{"href":"https:\/\/radiobitacora.com.ar\/web\/wp-json\/wp\/v2\/posts"}],"about":[{"href":"https:\/\/radiobitacora.com.ar\/web\/wp-json\/wp\/v2\/types\/post"}],"author":[{"embeddable":true,"href":"https:\/\/radiobitacora.com.ar\/web\/wp-json\/wp\/v2\/users\/2"}],"replies":[{"embeddable":true,"href":"https:\/\/radiobitacora.com.ar\/web\/wp-json\/wp\/v2\/comments?post=27171"}],"version-history":[{"count":0,"href":"https:\/\/radiobitacora.com.ar\/web\/wp-json\/wp\/v2\/posts\/27171\/revisions"}],"wp:featuredmedia":[{"embeddable":true,"href":"https:\/\/radiobitacora.com.ar\/web\/wp-json\/wp\/v2\/media\/27172"}],"wp:attachment":[{"href":"https:\/\/radiobitacora.com.ar\/web\/wp-json\/wp\/v2\/media?parent=27171"}],"wp:term":[{"taxonomy":"category","embeddable":true,"href":"https:\/\/radiobitacora.com.ar\/web\/wp-json\/wp\/v2\/categories?post=27171"},{"taxonomy":"post_tag","embeddable":true,"href":"https:\/\/radiobitacora.com.ar\/web\/wp-json\/wp\/v2\/tags?post=27171"}],"curies":[{"name":"wp","href":"https:\/\/api.w.org\/{rel}","templated":true}]}}