{"id":27174,"date":"2025-10-25T19:52:18","date_gmt":"2025-10-25T22:52:18","guid":{"rendered":"https:\/\/radiobitacora.com.ar\/web\/?p=27174"},"modified":"2025-10-25T19:52:18","modified_gmt":"2025-10-25T22:52:18","slug":"concejal-gortari-mi-balance-es-positivo-pero-creo-que-falta-mucho-por-hacer-en-cuanto-a-la-manera-de-encarar-el-trabajo-legislativo","status":"publish","type":"post","link":"https:\/\/radiobitacora.com.ar\/web\/2025\/10\/25\/concejal-gortari-mi-balance-es-positivo-pero-creo-que-falta-mucho-por-hacer-en-cuanto-a-la-manera-de-encarar-el-trabajo-legislativo\/","title":{"rendered":"CONCEJAL GORTARI: \u201cMI BALANCE ES POSITIVO, PERO CREO QUE FALTA MUCHO POR HACER EN CUANTO A LA MANERA DE ENCARAR EL TRABAJO LEGISLATIVO\u201d"},"content":{"rendered":"<p>La concejal Cecilia Gortari fue electa diputada provincial y asumir\u00e1 su banca antes del 10 de diciembre pr\u00f3ximo. En el programa \u201cLa voz del Concejo Deliberante\u201d, la edil afiliada a la UCR, pero con el que no comparte \u201cabsolutamente nada\u201d, seg\u00fan dijo, se explay\u00f3 sobre sus dos a\u00f1os en el Cuerpo Legislativo goyano. \u201cSiempre que tengo la oportunidad hablo de la dificultad de lograr el tratamiento y aprobaci\u00f3n de proyectos desde la oposici\u00f3n en este Concejo\u201d, lament\u00f3 la legisladora comunal.<br \/>\n\u201cTodav\u00eda no hice el balance, estamos como en un a\u00f1o de mucha vor\u00e1gine en todos los sentidos, pol\u00edtico, electoral y de trabajo, no solamente ac\u00e1 en el \u00e1mbito del Concejo, sino tambi\u00e9n en el \u00e1mbito de la Escuela de Emprendedores que llevamos adelante. Pero fue positivo en el sentido de la experiencia y el trabajo, que siempre es algo positivo y siempre aporta al crecimiento, ya sea individual y del equipo de trabajo\u201d, expres\u00f3 la concejal Mar\u00eda Cecilia Gortari (Frente Renovador) en el programa del HCD que se emite por Radio Ciudad.<br \/>\nY agreg\u00f3: \u201cPor supuesto uno se va con ganas de haber podido concretar m\u00e1s cosas. Siempre que tengo la oportunidad hablo de la dificultad de lograr el tratamiento y aprobaci\u00f3n de proyectos desde la oposici\u00f3n en este Concejo\u201d, lament\u00f3 la concejal.<br \/>\nGortari resalt\u00f3 el trabajo que llevo a cabo estos dos a\u00f1os junto a su equipo no solo en el Concejo Deliberante sino tambi\u00e9n en la Escuela de Emprendedores, (antes Escuela de Oficios). Dijo que dijo que la misma \u201ctiene una trascendencia y una visibilidad muy importante\u201d, y record\u00f3 igualmente su labor como Delegada en Goya del Ministerio de Desarrollo Social de la Naci\u00f3n entregando herramientas o capacitando con el fin siempre \u201cde generar un ingreso extra en la familia a trav\u00e9s de los emprendimientos y encontrar ese equilibrio entre algo que pueda generar un ingreso y que adem\u00e1s nos guste hacer. Ahora arrancamos con todo lo que son las \u201cmasterclass\u201d navide\u00f1as y con mucha expectativa tambi\u00e9n de eso\u201d, apunt\u00f3.<br \/>\nAPORTES DE LA CIUDADAN\u00cdA<br \/>\nConsultada sobre que cosas destacaba de su labor legislativa, la edil del Frente Renovador (Uni\u00f3n por la Patria) sostuvo que lo principal no fue un tema en particular sino \u201cuna forma de generar las propuestas y los proyectos que tiene que ver con que son propuestas, ideas o problem\u00e1ticas detectadas a partir de un trabajo territorial y de participaci\u00f3n ciudadana. Creo que esa fue la impronta que intent\u00e9, que intento darle siempre y que seguramente lo vamos a hacer tambi\u00e9n en el \u00e1mbito de Diputados con otra dimensi\u00f3n, seguramente con otras metodolog\u00edas, pero los problemas, los proyectos, las ideas los sabe la gente, el vecino en el barrio, el productor en la zona rural y eso es un poco los que nos va guiando y orientando hacia d\u00f3nde tenemos que ir\u201d.<br \/>\nOBLIGATORIEDAD DE LAS SESIONES SEMANALES<br \/>\nRescat\u00f3 sin embargo algunas iniciativas que, dijo, \u201cme gust\u00f3 mucho pensarlas y armarlas y tienen que ver con el funcionamiento mismo del Concejo, como proponer la obligatoriedad de las sesiones semanales, que creo es muy importante porque nos obliga adem\u00e1s y nos desaf\u00eda a que efectivamente la agenda de trabajo del Concejo sea m\u00e1s nutrida\u201d.<br \/>\nY respecto a si consideraba que el Concejo es \u201cuna escriban\u00eda\u201d como algunos opinan, respondi\u00f3 \u201cno deber\u00eda ser. Pero al tener el oficialismo una mayor\u00eda consolidada, obviamente hay temas que para la oposici\u00f3n pueden requerir de un mayor debate y esos debates no se dan y las ordenanzas se aprueban\u201d.<br \/>\nPuso como ejemplo la ordenanza sobre el C\u00f3digo de Convivencia. \u201cCreo que hubiese sido bueno darle un trabajo m\u00e1s profundo a ese proyecto\u201d. O el debate por los presupuestos, donde en realidad podemos en minor\u00eda expresar nuestras diferencias o nuestras disidencias, pero no hay la posibilidad de sentarse a discutir la asignaci\u00f3n de alg\u00fan recurso para alg\u00fan programa o \u00e1rea que nos parezca importante o relevante\u201d, indic\u00f3 Gortari.<br \/>\nConsidera que por ser parte de la oposici\u00f3n muchos de sus proyectos no fueron aprobados?, preguntaron los periodistas. \u201cClaro, por supuesto. Me lo dijo un concejal que ya no est\u00e1 m\u00e1s en una de las primeras reuniones de comisi\u00f3n\u201d, respondi\u00f3 la edil.<br \/>\nACCESO A LA INFORMACI\u00d3N<br \/>\nValor\u00f3 los \u201cPedidos de informes\u201d que present\u00f3 porque \u201csirven para esclarecer situaciones\u201d sostuvo y tambi\u00e9n un proyecto que tiene que ver con \u201cla transparencia de la gesti\u00f3n y con el acceso a la informaci\u00f3n que es p\u00fablica y de acceso p\u00fablico que est\u00e1 legislada en nuestra Constituci\u00f3n. Creo que no va a ser tratado nunca jam\u00e1s, como tampoco el de la \u201cobligatoriedad de poner carteles en las obras p\u00fablicas municipales\u201d que reflejen los montos, los plazos, la empresa que la est\u00e1 realizando o la forma en que se est\u00e1 ejecutando la obra\u201d.<br \/>\nOtra iniciativa de su autor\u00eda es el proyecto \u201cGoya Municipio Donante\u201d para trabajar con las personas en condiciones de ser trasplantadas, a la espera o trasplantadas. Creo que los proyectos deben ser tratados y aprobados en el recinto y los informes tambi\u00e9n deben ser elevados de manera p\u00fablica, porque ese es el sentido de lo que hacemos ac\u00e1. Si no, nos quedamos a medias\u201d, manifest\u00f3 Gortari.<br \/>\nLEY DE DISCAPACIDAD<br \/>\nRecord\u00f3 y destac\u00f3 el trabajo en conjunto desde el Concejo Deliberante con las diputadas nacionales Victoria Tolosa Paz y Nancy Sand. \u201cCuando vinieron (en junio pasado) se estaba tratando la Ley de Emergencia en Discapacidad que ha tenido un largo derrotero y hoy se est\u00e1 peleando para que un veto que fue rechazado y una ley que se aprob\u00f3 dos veces pueda estar vigente. Y esta semana me toc\u00f3 en lo personal\u201d, dijo y relat\u00f3 el caso.<br \/>\nCont\u00f3 que est\u00e1 acompa\u00f1ando a una mam\u00e1 que tiene un hijo con Sindrome Down que hace cuatro meses le dieron de baja la pensi\u00f3n no contributiva y que present\u00f3 el reclamo correspondiente hace m\u00e1s de dos meses. \u201cTodav\u00eda no tiene respuesta. Personalmente me comuniqu\u00e9 con varias personas que deber\u00edan resolver la situaci\u00f3n, pero hasta ahora nada\u201d, lament\u00f3.<br \/>\nPACIENTE ONCOLOGICO SIN PODER ATENDERSE<br \/>\nTambi\u00e9n dijo est\u00e1 ayudando a otra persona que es paciente oncol\u00f3gica, que tiene PAMI, y le pidieron un estudio que no se realiza en la provincia de Corrientes y, por lo tanto, tarda 90 d\u00edas. \u201cY sujetan la aprobaci\u00f3n de sus remedios para la quimioterapia a un estudio que va a tardar 90 d\u00edas cuando la quimio la tiene indicada para ayer. Esta es la realidad de las pol\u00edticas nacionales y de las leyes\u201d, plante\u00f3 con enojo.<br \/>\nY acot\u00f3: \u201cAc\u00e1 hay una tremenda hipocres\u00eda cuando hay sectores que hoy se manifiestan en contra del Gobierno Nacional y votaron la ley madre de todo esto que est\u00e1 pasando, que es la \u201cLey Bases\u201d que le dio al Poder Ejecutivo Nacional la libertad de cercenar derechos y pol\u00edticas p\u00fablicas. Y no estamos hablando de pensiones truchas, de planes, de esto, de aquello. Estamos hablando de derechos elementales que ma\u00f1ana te puede tocar a vos, a m\u00ed y a cualquier familiar nuestro y no tener la medicaci\u00f3n para hacerse un tratamiento oncol\u00f3gico\u201d, denunci\u00f3 Gortari.<br \/>\nEN CONTRA DE LAS POLITICAS DE MILEI Y APOYO A \u201cFUERZA PATRIA\u201d<br \/>\nEn ese sentido, y respecto de las elecciones legislativas naciones del domingo 26, opin\u00f3 que \u201chay una sola alternativa que es la oposici\u00f3n al Gobierno Nacional y que es el espacio que protege los derechos de las personas con mayor vulnerabilidad, pero tambi\u00e9n el presupuesto del Garrahan, la educaci\u00f3n p\u00fablica\u201d. Cecilia Gortari ratific\u00f3 su ideolog\u00eda radical, pero dejo en claro que \u201ces imposible para m\u00ed acompa\u00f1ar muchas de las cosas que el radicalismo a nivel nacional y que los representantes radicales de Corrientes han votado en el Congreso Nacional. Imposible. Yo voy a acompa\u00f1ar el sector y la lista que s\u00e9 que est\u00e1 en contra de Milei que es \u201cFuerza Patria\u201d, afirm\u00f3.<br \/>\nPonder\u00f3 finalmente el programa radial del Concejo Deliberante. \u201cMe parece s\u00faper importante todos los espacios que sirven para la difusi\u00f3n de la tarea legislativa\u201d, y plante\u00f3 como \u201cun desaf\u00edo\u201d la transmisi\u00f3n en vivo de las sesiones. Ser\u00eda muy interesante que se pueda llevar adelante\u201d, augur\u00f3.<br \/>\n\u201cNo es algo que sea dif\u00edcil de realizar ni de concretar ni que tenga altos costos, simplemente tomar la decisi\u00f3n pol\u00edtica de hacerlo como el de sesionar todas las semanas y nutrir m\u00e1s nuestra agenda de trabajo. Tratar los proyectos, sacarlos de la caja. Hay Concejos Deliberantes por ejemplo el de Curitiba (Brasil) que me toc\u00f3 visitar y que nos hayan explicado all\u00ed todo el proceso legislativo donde hay plazos para el abordaje de los proyectos. Un proyecto no puede dormir. Tiene que haber un dictamen en un tiempo espec\u00edfico. No esperar dos a\u00f1os para ver cu\u00e1ndo lo podemos mandar al archivo\u201d, enfatiz\u00f3 la concejal Cecilia Gortari.-<\/p>\n","protected":false},"excerpt":{"rendered":"<p>La concejal Cecilia Gortari fue electa diputada provincial y asumir\u00e1 su banca antes del 10 de diciembre pr\u00f3ximo. En el programa \u201cLa voz del Concejo Deliberante\u201d, la edil afiliada a la UCR, pero con el que no comparte \u201cabsolutamente nada\u201d, seg\u00fan dijo, se explay\u00f3 sobre sus dos a\u00f1os en el Cuerpo Legislativo goyano. \u201cSiempre que [&hellip;]<\/p>\n","protected":false},"author":2,"featured_media":27175,"comment_status":"open","ping_status":"open","sticky":false,"template":"","format":"standard","meta":{"footnotes":""},"categories":[56],"tags":[],"class_list":{"0":"post-27174","1":"post","2":"type-post","3":"status-publish","4":"format-standard","5":"has-post-thumbnail","7":"category-locales"},"_links":{"self":[{"href":"https:\/\/radiobitacora.com.ar\/web\/wp-json\/wp\/v2\/posts\/27174","targetHints":{"allow":["GET"]}}],"collection":[{"href":"https:\/\/radiobitacora.com.ar\/web\/wp-json\/wp\/v2\/posts"}],"about":[{"href":"https:\/\/radiobitacora.com.ar\/web\/wp-json\/wp\/v2\/types\/post"}],"author":[{"embeddable":true,"href":"https:\/\/radiobitacora.com.ar\/web\/wp-json\/wp\/v2\/users\/2"}],"replies":[{"embeddable":true,"href":"https:\/\/radiobitacora.com.ar\/web\/wp-json\/wp\/v2\/comments?post=27174"}],"version-history":[{"count":0,"href":"https:\/\/radiobitacora.com.ar\/web\/wp-json\/wp\/v2\/posts\/27174\/revisions"}],"wp:featuredmedia":[{"embeddable":true,"href":"https:\/\/radiobitacora.com.ar\/web\/wp-json\/wp\/v2\/media\/27175"}],"wp:attachment":[{"href":"https:\/\/radiobitacora.com.ar\/web\/wp-json\/wp\/v2\/media?parent=27174"}],"wp:term":[{"taxonomy":"category","embeddable":true,"href":"https:\/\/radiobitacora.com.ar\/web\/wp-json\/wp\/v2\/categories?post=27174"},{"taxonomy":"post_tag","embeddable":true,"href":"https:\/\/radiobitacora.com.ar\/web\/wp-json\/wp\/v2\/tags?post=27174"}],"curies":[{"name":"wp","href":"https:\/\/api.w.org\/{rel}","templated":true}]}}