{"id":27177,"date":"2025-10-25T19:55:02","date_gmt":"2025-10-25T22:55:02","guid":{"rendered":"https:\/\/radiobitacora.com.ar\/web\/?p=27177"},"modified":"2025-10-25T19:55:02","modified_gmt":"2025-10-25T22:55:02","slug":"ensanchamiento-ruta-provincial-27","status":"publish","type":"post","link":"https:\/\/radiobitacora.com.ar\/web\/2025\/10\/25\/ensanchamiento-ruta-provincial-27\/","title":{"rendered":"ENSANCHAMIENTO RUTA PROVINCIAL 27"},"content":{"rendered":"<p style=\"font-weight: 400;\">\n<p style=\"font-weight: 400;\">Avanza la obra en una extensi\u00f3n de 5 Kil\u00f3metros.<\/p>\n<p style=\"font-weight: 400;\">\n<p style=\"font-weight: 400;\">El ensanchamiento de la Ruta Provincial 27 es en el tramo comprendido entre la Rotonda de Acceso a Goya y el puente Santa Luc\u00eda, una extensi\u00f3n de 5 Kil\u00f3metros.<\/p>\n<p style=\"font-weight: 400;\">\n<p style=\"font-weight: 400;\">Esta obra, ejecutada por medio de la intervenci\u00f3n de los Gobiernos de la Provincia y la Municipalidad, otorgar\u00e1 mejores condiciones en la circulaci\u00f3n vial, creando mayor seguridad, especialmente a los veh\u00edculos de menor porte.<\/p>\n<p style=\"font-weight: 400;\"><img loading=\"lazy\" decoding=\"async\" class=\"aligncenter size-full wp-image-27178\" src=\"https:\/\/radiobitacora.com.ar\/web\/wp-content\/uploads\/2025\/10\/Ensanchamiento-Ruta-Provicial-27-1.jpg\" alt=\"\" width=\"1600\" height=\"1066\" srcset=\"https:\/\/radiobitacora.com.ar\/web\/wp-content\/uploads\/2025\/10\/Ensanchamiento-Ruta-Provicial-27-1.jpg 1600w, https:\/\/radiobitacora.com.ar\/web\/wp-content\/uploads\/2025\/10\/Ensanchamiento-Ruta-Provicial-27-1-630x420.jpg 630w, https:\/\/radiobitacora.com.ar\/web\/wp-content\/uploads\/2025\/10\/Ensanchamiento-Ruta-Provicial-27-1-696x464.jpg 696w, https:\/\/radiobitacora.com.ar\/web\/wp-content\/uploads\/2025\/10\/Ensanchamiento-Ruta-Provicial-27-1-1068x712.jpg 1068w\" sizes=\"auto, (max-width: 1600px) 100vw, 1600px\" \/><\/p>\n<p style=\"font-weight: 400;\">Trabajos efectuados con la Planta Asf\u00e1ltica instalada en nuestra ciudad permiten establecer beneficios en la transitabilidad y mejoramiento en la mencionada ruta provincial, cumpliendo con el objetivo de garantizar la seguridad vial.<\/p>\n<p style=\"font-weight: 400;\">\n<p style=\"font-weight: 400;\">Durante la visita a nuestra ciudad, el gobernador Gustavo Vald\u00e9s anunci\u00f3 que las obras de similares caracter\u00edsticas continuar\u00e1n en las pr\u00f3ximas semanas, hasta la localidad de Lavalle.<\/p>\n<p style=\"font-weight: 400;\">\n<p style=\"font-weight: 400;\">\n<p style=\"font-weight: 400;\">Direcci\u00f3n de Prensa-Municipalidad de Goya<\/p>\n","protected":false},"excerpt":{"rendered":"<p>Avanza la obra en una extensi\u00f3n de 5 Kil\u00f3metros. El ensanchamiento de la Ruta Provincial 27 es en el tramo comprendido entre la Rotonda de Acceso a Goya y el puente Santa Luc\u00eda, una extensi\u00f3n de 5 Kil\u00f3metros. Esta obra, ejecutada por medio de la intervenci\u00f3n de los Gobiernos de la Provincia y la Municipalidad, [&hellip;]<\/p>\n","protected":false},"author":2,"featured_media":27179,"comment_status":"open","ping_status":"open","sticky":false,"template":"","format":"standard","meta":{"footnotes":""},"categories":[56],"tags":[],"class_list":{"0":"post-27177","1":"post","2":"type-post","3":"status-publish","4":"format-standard","5":"has-post-thumbnail","7":"category-locales"},"_links":{"self":[{"href":"https:\/\/radiobitacora.com.ar\/web\/wp-json\/wp\/v2\/posts\/27177","targetHints":{"allow":["GET"]}}],"collection":[{"href":"https:\/\/radiobitacora.com.ar\/web\/wp-json\/wp\/v2\/posts"}],"about":[{"href":"https:\/\/radiobitacora.com.ar\/web\/wp-json\/wp\/v2\/types\/post"}],"author":[{"embeddable":true,"href":"https:\/\/radiobitacora.com.ar\/web\/wp-json\/wp\/v2\/users\/2"}],"replies":[{"embeddable":true,"href":"https:\/\/radiobitacora.com.ar\/web\/wp-json\/wp\/v2\/comments?post=27177"}],"version-history":[{"count":0,"href":"https:\/\/radiobitacora.com.ar\/web\/wp-json\/wp\/v2\/posts\/27177\/revisions"}],"wp:featuredmedia":[{"embeddable":true,"href":"https:\/\/radiobitacora.com.ar\/web\/wp-json\/wp\/v2\/media\/27179"}],"wp:attachment":[{"href":"https:\/\/radiobitacora.com.ar\/web\/wp-json\/wp\/v2\/media?parent=27177"}],"wp:term":[{"taxonomy":"category","embeddable":true,"href":"https:\/\/radiobitacora.com.ar\/web\/wp-json\/wp\/v2\/categories?post=27177"},{"taxonomy":"post_tag","embeddable":true,"href":"https:\/\/radiobitacora.com.ar\/web\/wp-json\/wp\/v2\/tags?post=27177"}],"curies":[{"name":"wp","href":"https:\/\/api.w.org\/{rel}","templated":true}]}}