{"id":27187,"date":"2025-10-25T20:07:48","date_gmt":"2025-10-25T23:07:48","guid":{"rendered":"https:\/\/radiobitacora.com.ar\/web\/?p=27187"},"modified":"2025-10-25T20:07:48","modified_gmt":"2025-10-25T23:07:48","slug":"juegos-culturales-correntinos-2","status":"publish","type":"post","link":"https:\/\/radiobitacora.com.ar\/web\/2025\/10\/25\/juegos-culturales-correntinos-2\/","title":{"rendered":"JUEGOS CULTURALES CORRENTINOS"},"content":{"rendered":"<p>&nbsp;<\/p>\n<p>Excelente performance de los talentos art\u00edsticos de la ciudad, en todos los rubros.<\/p>\n<p>&nbsp;<\/p>\n<p>La delegaci\u00f3n goyana casi en su totalidad obtuvo el pasaje para la final provincial, tras su participaci\u00f3n en la instancia zonal de los Juegos Culturales; realizados esta vez en la \u201cSucursal del Cielo\u201d, la ciudad de la costa del r\u00edo Uruguay, Curuz\u00fa Cuati\u00e1.<\/p>\n<p>Vale recordar que Goya particip\u00f3 en la Zona 4 de esta instancia, con la particularidad que la presente edici\u00f3n ha invitado a los participantes ganadores de ediciones anteriores.<\/p>\n<p>De esta manera qued\u00f3 la clasificaci\u00f3n obtenida por la delegaci\u00f3n goyana, para la siguiente ronda, la fase final, la provincial.<\/p>\n<p>&nbsp;<\/p>\n<p>VIDEOMINUTO: Tob\u00edas Zonschain<\/p>\n<p>POES\u00cdA. Sub 15: Dylan Benjam\u00edn Monz\u00f3n<\/p>\n<p>Sub 18: Selene Maillen Garc\u00eda<\/p>\n<p>&nbsp;<\/p>\n<p>CUENTO: Sub 18: Candela Stefan\u00eda Cavalieri<\/p>\n<p>Ex Participante: Vilma Diana Stalla<\/p>\n<p>Ex Participante: Agustina Avalos<\/p>\n<p>&nbsp;<\/p>\n<p>DIBUJO\/PINTURA: SUB 15: Jerem\u00edas Zonschain<\/p>\n<p>SUB 18: Eugenia Aquino Comachi<\/p>\n<p>ADULTOS MAYORES: N\u00e9lida Yolanda Jara<\/p>\n<p>Ex Participante: Laura Retamar<\/p>\n<p>&nbsp;<\/p>\n<p>FOTOGRAF\u00cdA: SUB 15: Valentina Mazuchini<\/p>\n<p>ADULTOS MAYORES: Marta Alicia Reyes Letellier<\/p>\n<p>&nbsp;<\/p>\n<p>TEATRO GRUPAL: Conrado Brickman- Ana Paula Fleitas \u201cEnredados\u201d<\/p>\n<p>&nbsp;<\/p>\n<p>CANTO SOLISTA SUB 15: Nieves Fern\u00e1ndez<\/p>\n<p>SUB 18: Brisa Eliana D\u00edaz<\/p>\n<p>&nbsp;<\/p>\n<p>CONJUNTO MUSICAL: Mat\u00edas Ignacio C\u00e1neva &#8211; Alejo Aquino<\/p>\n<p>&nbsp;<\/p>\n<p>DANZA INDIVIDUAL: Ex Participante: Alexis Almua<\/p>\n<p>DANZA POR PAREJA: SUB 15: Andrea Torales- Juan Mart\u00edn De Gregorio<\/p>\n<p>SUB 18: Selene Barrios- Jos\u00e9 Ger\u00f3nimo Aquino<\/p>\n<p>SUB 18: Valentina Abril Medina- Esteban Tob\u00edas Aguirre<\/p>\n<p>ADULTOS MAYORES: Aurelia Almir\u00f3n- Eduardo Sandoval<\/p>\n<p>&nbsp;<\/p>\n<p>DANZA INDIVIDUAL: Cristian Aranda<\/p>\n<p>&nbsp;<\/p>\n<p>Es bueno incluir en la n\u00f3mina de los seleccionados para la final provincial, en el rubro Dibujo Sub 14, al joven Crist\u00f3bal Sol\u00eds, de Lavalle (viaj\u00f3 junto a la delegaci\u00f3n de Goya).<\/p>\n<p>&nbsp;<\/p>\n<p>Una excelente performance la lograda por la delegaci\u00f3n goyana, ahora solo resta esperar la sede para la final provincial de los Juegos Culturales Correntinos.<\/p>\n<p>&nbsp;<\/p>\n<p>Direcci\u00f3n de Prensa-Municipalidad de Goya<\/p>\n","protected":false},"excerpt":{"rendered":"<p>&nbsp; Excelente performance de los talentos art\u00edsticos de la ciudad, en todos los rubros. &nbsp; La delegaci\u00f3n goyana casi en su totalidad obtuvo el pasaje para la final provincial, tras su participaci\u00f3n en la instancia zonal de los Juegos Culturales; realizados esta vez en la \u201cSucursal del Cielo\u201d, la ciudad de la costa del r\u00edo [&hellip;]<\/p>\n","protected":false},"author":2,"featured_media":27188,"comment_status":"open","ping_status":"open","sticky":false,"template":"","format":"standard","meta":{"footnotes":""},"categories":[88],"tags":[],"class_list":{"0":"post-27187","1":"post","2":"type-post","3":"status-publish","4":"format-standard","5":"has-post-thumbnail","7":"category-educacion"},"_links":{"self":[{"href":"https:\/\/radiobitacora.com.ar\/web\/wp-json\/wp\/v2\/posts\/27187","targetHints":{"allow":["GET"]}}],"collection":[{"href":"https:\/\/radiobitacora.com.ar\/web\/wp-json\/wp\/v2\/posts"}],"about":[{"href":"https:\/\/radiobitacora.com.ar\/web\/wp-json\/wp\/v2\/types\/post"}],"author":[{"embeddable":true,"href":"https:\/\/radiobitacora.com.ar\/web\/wp-json\/wp\/v2\/users\/2"}],"replies":[{"embeddable":true,"href":"https:\/\/radiobitacora.com.ar\/web\/wp-json\/wp\/v2\/comments?post=27187"}],"version-history":[{"count":0,"href":"https:\/\/radiobitacora.com.ar\/web\/wp-json\/wp\/v2\/posts\/27187\/revisions"}],"wp:featuredmedia":[{"embeddable":true,"href":"https:\/\/radiobitacora.com.ar\/web\/wp-json\/wp\/v2\/media\/27188"}],"wp:attachment":[{"href":"https:\/\/radiobitacora.com.ar\/web\/wp-json\/wp\/v2\/media?parent=27187"}],"wp:term":[{"taxonomy":"category","embeddable":true,"href":"https:\/\/radiobitacora.com.ar\/web\/wp-json\/wp\/v2\/categories?post=27187"},{"taxonomy":"post_tag","embeddable":true,"href":"https:\/\/radiobitacora.com.ar\/web\/wp-json\/wp\/v2\/tags?post=27187"}],"curies":[{"name":"wp","href":"https:\/\/api.w.org\/{rel}","templated":true}]}}