{"id":27197,"date":"2025-10-27T09:06:21","date_gmt":"2025-10-27T12:06:21","guid":{"rendered":"https:\/\/radiobitacora.com.ar\/web\/?p=27197"},"modified":"2025-10-27T09:06:34","modified_gmt":"2025-10-27T12:06:34","slug":"goya-crece","status":"publish","type":"post","link":"https:\/\/radiobitacora.com.ar\/web\/2025\/10\/27\/goya-crece\/","title":{"rendered":"GOYA CRECE"},"content":{"rendered":"<p style=\"font-weight: 400;\"><img loading=\"lazy\" decoding=\"async\" class=\"aligncenter size-full wp-image-27198\" src=\"https:\/\/radiobitacora.com.ar\/web\/wp-content\/uploads\/2025\/10\/GOYA-CRECE-Nueva-Costanera-5.jpg\" alt=\"\" width=\"1600\" height=\"1060\" srcset=\"https:\/\/radiobitacora.com.ar\/web\/wp-content\/uploads\/2025\/10\/GOYA-CRECE-Nueva-Costanera-5.jpg 1600w, https:\/\/radiobitacora.com.ar\/web\/wp-content\/uploads\/2025\/10\/GOYA-CRECE-Nueva-Costanera-5-634x420.jpg 634w, https:\/\/radiobitacora.com.ar\/web\/wp-content\/uploads\/2025\/10\/GOYA-CRECE-Nueva-Costanera-5-696x461.jpg 696w, https:\/\/radiobitacora.com.ar\/web\/wp-content\/uploads\/2025\/10\/GOYA-CRECE-Nueva-Costanera-5-1068x708.jpg 1068w\" sizes=\"auto, (max-width: 1600px) 100vw, 1600px\" \/><\/p>\n<p style=\"font-weight: 400;\">Avanzan los trabajos de construcci\u00f3n de la Nueva Costanera Local, el Intendente Mariano Hormaechea en su recorrida observ\u00f3 las obras que pone en valor el lugar hist\u00f3rico de encuentro de los Goyanos.<\/p>\n<p style=\"font-weight: 400;\">\u201cEstamos construyendo un Sue\u00f1o Compartido, con la Fuerza de nuestra gente\u201d Afirmo el Intendente<\/p>\n<p style=\"font-weight: 400;\"><img loading=\"lazy\" decoding=\"async\" class=\"aligncenter size-full wp-image-27199\" src=\"https:\/\/radiobitacora.com.ar\/web\/wp-content\/uploads\/2025\/10\/GOYA-CRECE-Nueva-Costanera-1.jpg\" alt=\"\" width=\"1600\" height=\"1060\" srcset=\"https:\/\/radiobitacora.com.ar\/web\/wp-content\/uploads\/2025\/10\/GOYA-CRECE-Nueva-Costanera-1.jpg 1600w, https:\/\/radiobitacora.com.ar\/web\/wp-content\/uploads\/2025\/10\/GOYA-CRECE-Nueva-Costanera-1-634x420.jpg 634w, https:\/\/radiobitacora.com.ar\/web\/wp-content\/uploads\/2025\/10\/GOYA-CRECE-Nueva-Costanera-1-696x461.jpg 696w, https:\/\/radiobitacora.com.ar\/web\/wp-content\/uploads\/2025\/10\/GOYA-CRECE-Nueva-Costanera-1-1068x708.jpg 1068w\" sizes=\"auto, (max-width: 1600px) 100vw, 1600px\" \/><\/p>\n<p style=\"font-weight: 400;\">Mariano Hormaechea, se\u00f1al\u00f3: \u201cCon esta obra sentimos el orgullo de ver como Goya Crece\u201d<\/p>\n<p style=\"font-weight: 400;\">Para indicar: \u201cLa Nueva Costanera, ser\u00e1 un lugar para encontrarnos, disfrutar y mirar el futuro con esperanza.<\/p>\n<p style=\"font-weight: 400;\">\u201cEstamos construyendo un sue\u00f1o compartido, con la fuerza de nuestra gente\u201d, para asegurar: \u201cGoya avanza hacia adelante.\u201d<\/p>\n<p style=\"font-weight: 400;\">Direcci\u00f3n de Prensa-Municipalidad de Goya<\/p>\n","protected":false},"excerpt":{"rendered":"<p>Avanzan los trabajos de construcci\u00f3n de la Nueva Costanera Local, el Intendente Mariano Hormaechea en su recorrida observ\u00f3 las obras que pone en valor el lugar hist\u00f3rico de encuentro de los Goyanos. \u201cEstamos construyendo un Sue\u00f1o Compartido, con la Fuerza de nuestra gente\u201d Afirmo el Intendente Mariano Hormaechea, se\u00f1al\u00f3: \u201cCon esta obra sentimos el orgullo [&hellip;]<\/p>\n","protected":false},"author":2,"featured_media":27200,"comment_status":"open","ping_status":"open","sticky":false,"template":"","format":"standard","meta":{"footnotes":""},"categories":[56],"tags":[],"class_list":{"0":"post-27197","1":"post","2":"type-post","3":"status-publish","4":"format-standard","5":"has-post-thumbnail","7":"category-locales"},"_links":{"self":[{"href":"https:\/\/radiobitacora.com.ar\/web\/wp-json\/wp\/v2\/posts\/27197","targetHints":{"allow":["GET"]}}],"collection":[{"href":"https:\/\/radiobitacora.com.ar\/web\/wp-json\/wp\/v2\/posts"}],"about":[{"href":"https:\/\/radiobitacora.com.ar\/web\/wp-json\/wp\/v2\/types\/post"}],"author":[{"embeddable":true,"href":"https:\/\/radiobitacora.com.ar\/web\/wp-json\/wp\/v2\/users\/2"}],"replies":[{"embeddable":true,"href":"https:\/\/radiobitacora.com.ar\/web\/wp-json\/wp\/v2\/comments?post=27197"}],"version-history":[{"count":0,"href":"https:\/\/radiobitacora.com.ar\/web\/wp-json\/wp\/v2\/posts\/27197\/revisions"}],"wp:featuredmedia":[{"embeddable":true,"href":"https:\/\/radiobitacora.com.ar\/web\/wp-json\/wp\/v2\/media\/27200"}],"wp:attachment":[{"href":"https:\/\/radiobitacora.com.ar\/web\/wp-json\/wp\/v2\/media?parent=27197"}],"wp:term":[{"taxonomy":"category","embeddable":true,"href":"https:\/\/radiobitacora.com.ar\/web\/wp-json\/wp\/v2\/categories?post=27197"},{"taxonomy":"post_tag","embeddable":true,"href":"https:\/\/radiobitacora.com.ar\/web\/wp-json\/wp\/v2\/tags?post=27197"}],"curies":[{"name":"wp","href":"https:\/\/api.w.org\/{rel}","templated":true}]}}