{"id":27203,"date":"2025-10-27T09:10:44","date_gmt":"2025-10-27T12:10:44","guid":{"rendered":"https:\/\/radiobitacora.com.ar\/web\/?p=27203"},"modified":"2025-10-27T09:10:50","modified_gmt":"2025-10-27T12:10:50","slug":"plan-de-arbolado-urbano","status":"publish","type":"post","link":"https:\/\/radiobitacora.com.ar\/web\/2025\/10\/27\/plan-de-arbolado-urbano\/","title":{"rendered":"PLAN DE ARBOLADO URBANO"},"content":{"rendered":"<p style=\"font-weight: 400;\">La Direcci\u00f3n de Recursos Naturales y Ambiente del Municipio de Goya planta especies arb\u00f3reas en espacios p\u00fablicos.<\/p>\n<p style=\"font-weight: 400;\">Desde la Direcci\u00f3n de Recursos Naturales y Ambiente se contin\u00faan llevando adelante diferentes acciones en distintos sectores de la ciudad, con el &#8220;Plan de Arbolado Urbano\u201d, con especies provistas por el Vivero Municipal<\/p>\n<p style=\"font-weight: 400;\">En esta oportunidad se intervino con esta acci\u00f3n en el CIC Norte de nuestra ciudad<\/p>\n<p style=\"font-weight: 400;\">\u00a0En esta ocasi\u00f3n se plantaron 24 especies, a saber:<\/p>\n<p style=\"font-weight: 400;\">4 Colas de Zorros; 8 Coral; 8 Malvones y 4 Plantas de Pennisentus<\/p>\n<p style=\"font-weight: 400;\">Adem\u00e1s, en el referido espacio se procedi\u00f3 a la\u00a0limpieza del jard\u00edn y corte de pasto.<\/p>\n<p style=\"font-weight: 400;\">Direcci\u00f3n de Prensa-Municipalidad de Goya<\/p>\n","protected":false},"excerpt":{"rendered":"<p>La Direcci\u00f3n de Recursos Naturales y Ambiente del Municipio de Goya planta especies arb\u00f3reas en espacios p\u00fablicos. Desde la Direcci\u00f3n de Recursos Naturales y Ambiente se contin\u00faan llevando adelante diferentes acciones en distintos sectores de la ciudad, con el &#8220;Plan de Arbolado Urbano\u201d, con especies provistas por el Vivero Municipal En esta oportunidad se intervino [&hellip;]<\/p>\n","protected":false},"author":2,"featured_media":27204,"comment_status":"open","ping_status":"open","sticky":false,"template":"","format":"standard","meta":{"footnotes":""},"categories":[56],"tags":[],"class_list":{"0":"post-27203","1":"post","2":"type-post","3":"status-publish","4":"format-standard","5":"has-post-thumbnail","7":"category-locales"},"_links":{"self":[{"href":"https:\/\/radiobitacora.com.ar\/web\/wp-json\/wp\/v2\/posts\/27203","targetHints":{"allow":["GET"]}}],"collection":[{"href":"https:\/\/radiobitacora.com.ar\/web\/wp-json\/wp\/v2\/posts"}],"about":[{"href":"https:\/\/radiobitacora.com.ar\/web\/wp-json\/wp\/v2\/types\/post"}],"author":[{"embeddable":true,"href":"https:\/\/radiobitacora.com.ar\/web\/wp-json\/wp\/v2\/users\/2"}],"replies":[{"embeddable":true,"href":"https:\/\/radiobitacora.com.ar\/web\/wp-json\/wp\/v2\/comments?post=27203"}],"version-history":[{"count":0,"href":"https:\/\/radiobitacora.com.ar\/web\/wp-json\/wp\/v2\/posts\/27203\/revisions"}],"wp:featuredmedia":[{"embeddable":true,"href":"https:\/\/radiobitacora.com.ar\/web\/wp-json\/wp\/v2\/media\/27204"}],"wp:attachment":[{"href":"https:\/\/radiobitacora.com.ar\/web\/wp-json\/wp\/v2\/media?parent=27203"}],"wp:term":[{"taxonomy":"category","embeddable":true,"href":"https:\/\/radiobitacora.com.ar\/web\/wp-json\/wp\/v2\/categories?post=27203"},{"taxonomy":"post_tag","embeddable":true,"href":"https:\/\/radiobitacora.com.ar\/web\/wp-json\/wp\/v2\/tags?post=27203"}],"curies":[{"name":"wp","href":"https:\/\/api.w.org\/{rel}","templated":true}]}}