{"id":27210,"date":"2025-10-27T09:18:55","date_gmt":"2025-10-27T12:18:55","guid":{"rendered":"https:\/\/radiobitacora.com.ar\/web\/?p=27210"},"modified":"2025-10-27T11:37:02","modified_gmt":"2025-10-27T14:37:02","slug":"mas-de-un-siglo-de-pasion","status":"publish","type":"post","link":"https:\/\/radiobitacora.com.ar\/web\/2025\/10\/27\/mas-de-un-siglo-de-pasion\/","title":{"rendered":"M\u00c1S DE UN SIGLO DE PASI\u00d3N"},"content":{"rendered":"<p style=\"font-weight: 400;\">Con el apoyo de la Municipalidad de Goya, desde la Direcci\u00f3n de Deportes, el Club Atenas organiza la 6\u00aa fecha, cierre del campeonato local de carreras.<\/p>\n<p style=\"font-weight: 400;\">La cita es el domingo 30 de noviembre, en el Club Central Goya, Avenida Sarmiento y Bartolom\u00e9 Mitre, fij\u00e1ndose hora de largada 18 horas.<\/p>\n<p style=\"font-weight: 400;\">El Club Atenas cierra la temporada con la carrera en adhesi\u00f3n a los 102 a\u00f1os del Club Central Goya, para la inscripci\u00f3n de manera presencial, se realizar\u00e1 el d\u00eda de la competencia en el horario de 16 y 30 a 17 y 30 horas.<\/p>\n<p style=\"font-weight: 400;\">Vale mencionar que la categor\u00eda infantil de 3 a 12 a\u00f1os es sin costo, para el resto de las categor\u00edas, se estableci\u00f3 en la distancia de 5K 12 Mil Pesos y la de 10K 17 Mil Pesos.<\/p>\n<p style=\"font-weight: 400;\">Infantiles<\/p>\n<p style=\"font-weight: 400;\">\u00a03 y 4 a\u00f1os<\/p>\n<p style=\"font-weight: 400;\">\u00a05 y 6 a\u00f1os<\/p>\n<p style=\"font-weight: 400;\">\u00a07 y 8 a\u00f1os<\/p>\n<p style=\"font-weight: 400;\">\u00a09 y 10 a\u00f1os<\/p>\n<p style=\"font-weight: 400;\">11 y 12 a\u00f1os<\/p>\n<p style=\"font-weight: 400;\">Distancias:<\/p>\n<p style=\"font-weight: 400;\">5 km<\/p>\n<p style=\"font-weight: 400;\">Categor\u00edas<\/p>\n<p style=\"font-weight: 400;\">Hasta 25 a\u00f1os<\/p>\n<p style=\"font-weight: 400;\">\u00a0\u00a0 26 a 39 a\u00f1os<\/p>\n<p style=\"font-weight: 400;\">\u00a0\u00a0 40 a 55 a\u00f1os<\/p>\n<p style=\"font-weight: 400;\">\u00a0\u00a0 56 en m\u00e1s<\/p>\n<p style=\"font-weight: 400;\">10 km<\/p>\n<p style=\"font-weight: 400;\">Hasta 19 a\u00f1os<\/p>\n<p style=\"font-weight: 400;\">20 a 29 a\u00f1os<\/p>\n<p style=\"font-weight: 400;\">30 a 39 a\u00f1os<\/p>\n<p style=\"font-weight: 400;\">40 a 49 a\u00f1os<\/p>\n<p style=\"font-weight: 400;\">50 a 59 a\u00f1os<\/p>\n<p style=\"font-weight: 400;\">60 a 69 a\u00f1os<\/p>\n<p style=\"font-weight: 400;\">70 a\u00f1os en adelante<\/p>\n<p style=\"font-weight: 400;\">Premiaci\u00f3n:<\/p>\n<p style=\"font-weight: 400;\">Premios a los 3 primeros de cada categor\u00eda<\/p>\n<p style=\"font-weight: 400;\">Medallas para los primeros 100 en llegar<\/p>\n<p style=\"font-weight: 400;\">Consultas: Alejandro Guti\u00e9rrez Cel. 3777 400820<\/p>\n<p style=\"font-weight: 400;\">Direcci\u00f3n de Prensa-Municipalidad de Goya<\/p>\n","protected":false},"excerpt":{"rendered":"<p>Con el apoyo de la Municipalidad de Goya, desde la Direcci\u00f3n de Deportes, el Club Atenas organiza la 6\u00aa fecha, cierre del campeonato local de carreras. La cita es el domingo 30 de noviembre, en el Club Central Goya, Avenida Sarmiento y Bartolom\u00e9 Mitre, fij\u00e1ndose hora de largada 18 horas. El Club Atenas cierra la [&hellip;]<\/p>\n","protected":false},"author":2,"featured_media":27212,"comment_status":"open","ping_status":"open","sticky":false,"template":"","format":"standard","meta":{"footnotes":""},"categories":[78],"tags":[],"class_list":{"0":"post-27210","1":"post","2":"type-post","3":"status-publish","4":"format-standard","5":"has-post-thumbnail","7":"category-deportes"},"_links":{"self":[{"href":"https:\/\/radiobitacora.com.ar\/web\/wp-json\/wp\/v2\/posts\/27210","targetHints":{"allow":["GET"]}}],"collection":[{"href":"https:\/\/radiobitacora.com.ar\/web\/wp-json\/wp\/v2\/posts"}],"about":[{"href":"https:\/\/radiobitacora.com.ar\/web\/wp-json\/wp\/v2\/types\/post"}],"author":[{"embeddable":true,"href":"https:\/\/radiobitacora.com.ar\/web\/wp-json\/wp\/v2\/users\/2"}],"replies":[{"embeddable":true,"href":"https:\/\/radiobitacora.com.ar\/web\/wp-json\/wp\/v2\/comments?post=27210"}],"version-history":[{"count":0,"href":"https:\/\/radiobitacora.com.ar\/web\/wp-json\/wp\/v2\/posts\/27210\/revisions"}],"wp:featuredmedia":[{"embeddable":true,"href":"https:\/\/radiobitacora.com.ar\/web\/wp-json\/wp\/v2\/media\/27212"}],"wp:attachment":[{"href":"https:\/\/radiobitacora.com.ar\/web\/wp-json\/wp\/v2\/media?parent=27210"}],"wp:term":[{"taxonomy":"category","embeddable":true,"href":"https:\/\/radiobitacora.com.ar\/web\/wp-json\/wp\/v2\/categories?post=27210"},{"taxonomy":"post_tag","embeddable":true,"href":"https:\/\/radiobitacora.com.ar\/web\/wp-json\/wp\/v2\/tags?post=27210"}],"curies":[{"name":"wp","href":"https:\/\/api.w.org\/{rel}","templated":true}]}}